{"id":49750,"date":"2022-12-27T15:54:49","date_gmt":"2022-12-27T21:54:49","guid":{"rendered":"http:\/\/www.zonaroja.com.mx\/?p=49750"},"modified":"2022-12-27T15:54:51","modified_gmt":"2022-12-27T21:54:51","slug":"diputados-de-oaxaca-recibian-moches-de-100-mdp-por-aprobar-presupuesto","status":"publish","type":"post","link":"https:\/\/zonaroja.com.mx\/?p=49750","title":{"rendered":"Diputados de Oaxaca recib\u00edan \u201cmoches\u201d de 100 mdp por aprobar presupuesto"},"content":{"rendered":"\n<p>Ismael Garc\u00eda M.\/Zona Roja.<\/p>\n\n\n\n<p>Oaxaca de Ju\u00e1rez, Oax., a 27 de diciembre de 2022.- Los diputados locales de Oaxaca recib\u00edan alrededor de 100 millones de pesos por dar su voto para aprobar el presupuesto de egresos para el estado.<\/p>\n\n\n\n<p>As\u00ed lo acus\u00f3 el gobernador Salom\u00f3n Jara Cruz, sin reparar que las dos recientes legislaturas han sido de mayor\u00eda morenista y sus actuales colaboradores han formado parte de ellas.<\/p>\n\n\n\n<p>Es el caso de Laura Estrada Mauro, que fue dos veces presidenta de la Junta de Coordinaci\u00f3n Pol\u00edtica y ahora es secretaria de Bienestar; Delfina Guzm\u00e1n, actual secretaria de Educaci\u00f3n quien por unos meses tambi\u00e9n presidi\u00f3 el Poder Legislativo.<\/p>\n\n\n\n<p>Tambi\u00e9n est\u00e1 Elisa Zepeda Lagunas, quien incluso presidi\u00f3 la Comisi\u00f3n Permanente de Administraci\u00f3n y Procuraci\u00f3n de Justicia, por mencionar algunos nombres.<\/p>\n\n\n\n<p>Tras reprochar que priistas como Freddy Gil Pineda Gopar haya \u201ctomado\u201d la sede del Congreso para tratar de impedir que se discutiera y avalara el gasto p\u00fablico para el pr\u00f3ximo a\u00f1o, Jara Cruz expuso:<\/p>\n\n\n\n<p>\u201cEstoy contento porque es la primera vez que se hace un presupuesto sin condiciones, porque era terrible la forma en que se aprobaba el presupuesto; se gastaba no menos de 100 millones de pesos para aprobar el presupuesto.<\/p>\n\n\n\n<p>\u201cAhora cero pesos, cero centavos, porque ese recurso lo necesitamos para obra p\u00fablica para nuestros pueblos, para nuestras comunidades.<\/p>\n\n\n\n<p>\u201cDejamos atr\u00e1s el chantaje y comenzamos la era de la transformaci\u00f3n; esto es muy importante que lo sepa el pueblo de Oaxaca; corregimos la propuesta que fue presentada por el gobierno anterior y construimos un presupuesto de egresos para el ejercicio 2023, dise\u00f1ada para atender principalmente a los sectores m\u00e1s vulnerables\u201d.<\/p>\n\n\n\n<p>No obstante, no abund\u00f3 acerca de los legisladores de Morena que tambi\u00e9n habr\u00edan recibido el millonario \u201cmoche\u201d en a\u00f1os anteriores, principalmente en el sexenio de Alejandro Murat Hinojosa.<\/p>\n\n\n\n<p>Tampoco detall\u00f3 por qu\u00e9 destin\u00f3 una partida de m\u00e1s de dos mil millones de pesos para gasto de personal y mucho menos que no haya disminuido los recursos financieros para el \u00e1rea de comunicaci\u00f3n social, como inicialmente pretend\u00eda.<\/p>\n\n\n\n<p>Las declaraciones las hizo el mandatario estatal durante la conferencia de prensa semanal que se efectu\u00f3 este martes, debido a que ayer acudi\u00f3 a la Ciudad de M\u00e9xico.<\/p>\n\n\n\n<figure class=\"wp-block-embed is-type-rich is-provider-twitter wp-block-embed-twitter\"><div class=\"wp-block-embed__wrapper\">\n<div class=\"twitter-tweet\"><blockquote class=\"twitter-tweet\" data-lang=\"es\"><p lang=\"es\" dir=\"ltr\"><a href=\"https:\/\/twitter.com\/hashtag\/%C3%9AltimoMinuto?src=hash&amp;ref_src=twsrc%5Etfw\">#\u00daltimoMinuto<\/a><br>\u201cSe gastaba no menos de 100 millones de pesos para aprobar el presupuesto\u201d, dice el gobernador <a href=\"https:\/\/twitter.com\/salomonj?ref_src=twsrc%5Etfw\">@salomonj<\/a>, en referencia al gasto 2023 aprobado por el <a href=\"https:\/\/twitter.com\/CongresoOaxaca_?ref_src=twsrc%5Etfw\">@CongresoOaxaca_<\/a>.<br>No se\u00f1ala diputados beneficiados pero las dos ultimas legislaturas han sido de mayor\u00eda morenista. <a href=\"https:\/\/t.co\/R79kC6Vnav\">pic.twitter.com\/R79kC6Vnav<\/a><\/p>&mdash; Zona Roja Oaxaca (@ZonaRoja_Oaxaca) <a href=\"https:\/\/twitter.com\/ZonaRoja_Oaxaca\/status\/1607788199480360961?ref_src=twsrc%5Etfw\">27 de diciembre de 2022<\/a><\/blockquote><\/div>\n<\/div><\/figure>\n","protected":false},"excerpt":{"rendered":"<p>Ismael Garc\u00eda M.\/Zona Roja. Oaxaca de Ju\u00e1rez, Oax., a 27 de diciembre de 2022.- Los&hellip;<\/p>\n","protected":false},"author":2,"featured_media":49751,"comment_status":"closed","ping_status":"open","sticky":false,"template":"","format":"standard","meta":{"_lmt_disableupdate":"","_lmt_disable":"","_jetpack_memberships_contains_paid_content":false,"footnotes":""},"categories":[109,47],"tags":[939],"class_list":["post-49750","post","type-post","status-publish","format-standard","has-post-thumbnail","hentry","category-minuto-a-minuto","category-zona-gris","tag-salomon-jara-cruz"],"jetpack_featured_media_url":"https:\/\/zonaroja.com.mx\/wp-content\/uploads\/2022\/12\/Conferencia-de-prensa-Salomon-Jara.jpg","jetpack_sharing_enabled":true,"_links":{"self":[{"href":"https:\/\/zonaroja.com.mx\/index.php?rest_route=\/wp\/v2\/posts\/49750","targetHints":{"allow":["GET"]}}],"collection":[{"href":"https:\/\/zonaroja.com.mx\/index.php?rest_route=\/wp\/v2\/posts"}],"about":[{"href":"https:\/\/zonaroja.com.mx\/index.php?rest_route=\/wp\/v2\/types\/post"}],"author":[{"embeddable":true,"href":"https:\/\/zonaroja.com.mx\/index.php?rest_route=\/wp\/v2\/users\/2"}],"replies":[{"embeddable":true,"href":"https:\/\/zonaroja.com.mx\/index.php?rest_route=%2Fwp%2Fv2%2Fcomments&post=49750"}],"version-history":[{"count":1,"href":"https:\/\/zonaroja.com.mx\/index.php?rest_route=\/wp\/v2\/posts\/49750\/revisions"}],"predecessor-version":[{"id":49752,"href":"https:\/\/zonaroja.com.mx\/index.php?rest_route=\/wp\/v2\/posts\/49750\/revisions\/49752"}],"wp:featuredmedia":[{"embeddable":true,"href":"https:\/\/zonaroja.com.mx\/index.php?rest_route=\/wp\/v2\/media\/49751"}],"wp:attachment":[{"href":"https:\/\/zonaroja.com.mx\/index.php?rest_route=%2Fwp%2Fv2%2Fmedia&parent=49750"}],"wp:term":[{"taxonomy":"category","embeddable":true,"href":"https:\/\/zonaroja.com.mx\/index.php?rest_route=%2Fwp%2Fv2%2Fcategories&post=49750"},{"taxonomy":"post_tag","embeddable":true,"href":"https:\/\/zonaroja.com.mx\/index.php?rest_route=%2Fwp%2Fv2%2Ftags&post=49750"}],"curies":[{"name":"wp","href":"https:\/\/api.w.org\/{rel}","templated":true}]}}