{"id":49756,"date":"2022-12-27T16:15:18","date_gmt":"2022-12-27T22:15:18","guid":{"rendered":"http:\/\/www.zonaroja.com.mx\/?p=49756"},"modified":"2022-12-27T16:15:20","modified_gmt":"2022-12-27T22:15:20","slug":"vinculan-a-proceso-a-tres-probables-secuestradores-de-la-mixteca","status":"publish","type":"post","link":"https:\/\/zonaroja.com.mx\/?p=49756","title":{"rendered":"Vinculan a proceso a tres probables secuestradores de la Mixteca"},"content":{"rendered":"\n<p>Redacci\u00f3n\/Zona Roja.&nbsp;<\/p>\n\n\n\n<p>Oaxaca de Ju\u00e1rez, Oax., 27 de diciembre de 2022.- La Fiscal\u00eda General del Estado de Oaxaca (FGEO) obtuvo, del Juzgado de Control, auto de vinculaci\u00f3n a proceso contra tres persona, dos del sexo masculino identificadas como J. C. C H. y C. A. R. S.,&nbsp; as\u00ed como una mujer identificada como L. C. Z. M., quienes son se\u00f1alados como probables responsables del delito de secuestro agravado en contra de una v\u00edctima de identidad reservada, cometido en jurisdicci\u00f3n de la Heroica Ciudad de Huajuapan de Le\u00f3n, en la regi\u00f3n de la Mixteca.<\/p>\n\n\n\n<p>De acuerdo con la carpeta de investigaci\u00f3n 43185\/FMIX\/HUAJUAPAN\/2022, en primera instancia el 13 de diciembre una de las v\u00edctimas de identidad reservada fue privada de su libertad. En segunda instancia, el 16 de diciembre de 2022, otras dos v\u00edctimas fueron privados de su libertad por un grupo de sujetos, quienes exigieron dinero a cambio de la liberaci\u00f3n de las v\u00edctimas.&nbsp;<\/p>\n\n\n\n<p>El 18 de diciembre polic\u00edas municipales, en coordinaci\u00f3n con Polic\u00eda Estatal y la Secretar\u00eda de la Defensa Nacional (SEDENA) lograron rescatar y resguardar a las v\u00edctimas que se encontraban bajo el resguardo de los imputados C. A. R. S., J. C. C. H. y L. C. Z. M (mujer), quienes fueron detenidos en flagrancia.<\/p>\n\n\n\n<p>Por estos hechos, la Instituci\u00f3n de procuraci\u00f3n de justicia inici\u00f3 una exhaustiva y diligente investigaci\u00f3n \u2013a trav\u00e9s de la Fiscal\u00eda Especializada en Atenci\u00f3n a Delitos de Alto Impacto-, gracias a la cual lograron presentar ante el Juez de la causa a los probables responsables.<\/p>\n\n\n\n<p>En audiencia y tras validar los datos de prueba proporcionados por la FGEO, el Juez en turno determin\u00f3 vincular a proceso a C. A. R. S., J. C. C. H. y L. C. Z. M (mujer)., imponi\u00e9ndoles la medida cautelar de prisi\u00f3n preventiva y otorg\u00f3 cuatro meses para el cierre de investigaci\u00f3n complementaria.<\/p>\n\n\n\n<p>OTRO VINCULADO A PROCESO<\/p>\n\n\n\n<p>Por otra parte, la Fiscal\u00eda General obtuvo vinculaci\u00f3n a proceso en contra del imputado de iniciales H. E. C. C., alias \u201cEl Panda\u201d, quien ser\u00eda uno de los probables responsables en la comisi\u00f3n del delito de desaparici\u00f3n cometida por particulares, hechos ocurridos en la poblaci\u00f3n de San Jacinto Chilateca, perteneciente al municipio de Ocotl\u00e1n de Morelos, en la regi\u00f3n de los Valles Centrales.<\/p>\n\n\n\n<p>Los hechos, como consta en la causa penal 1288\/2022, ocurrieron el 8 de octubre de 2022, cuando la v\u00edctima, un hombre identificado por las iniciales E. N. P. H., se encontraba limpiando la entrada a su poblaci\u00f3n antes mencionada, donde fue visto por \u00faltima vez y a la fecha se desconoce su paradero.<\/p>\n\n\n\n<p>Ante los hechos, la FGEO inici\u00f3 las investigaciones correspondientes a trav\u00e9s de la Unidades Especializada de Desaparici\u00f3n Forzada, perteneciente a la Vicefiscal\u00eda General de Atenci\u00f3n a V\u00edctimas y a la Sociedad, derivado de las cuales se logr\u00f3 la aprehensi\u00f3n del imputado que fue presentado ante el Juez que atiende la causa.&nbsp;<\/p>\n\n\n\n<p>Gracias a las pruebas aportadas por la Fiscal\u00eda de Oaxaca, se obtuvo la vinculaci\u00f3n a proceso en contra de H. E. C. C., alias \u201cEl Panda\u201d, por lo que qued\u00f3 en prisi\u00f3n preventiva y el Juez otorg\u00f3 tres meses para el cierre de la investigaci\u00f3n complementaria.<\/p>\n","protected":false},"excerpt":{"rendered":"<p>Redacci\u00f3n\/Zona Roja.&nbsp; Oaxaca de Ju\u00e1rez, Oax., 27 de diciembre de 2022.- La Fiscal\u00eda General del&hellip;<\/p>\n","protected":false},"author":2,"featured_media":40303,"comment_status":"closed","ping_status":"open","sticky":false,"template":"","format":"standard","meta":{"_lmt_disableupdate":"","_lmt_disable":"","_jetpack_memberships_contains_paid_content":false,"footnotes":""},"categories":[109,47],"tags":[494],"class_list":["post-49756","post","type-post","status-publish","format-standard","has-post-thumbnail","hentry","category-minuto-a-minuto","category-zona-gris","tag-fiscalia-general-del-estado-de-oaxaca"],"jetpack_featured_media_url":"https:\/\/zonaroja.com.mx\/wp-content\/uploads\/2022\/04\/secuestro.jpeg","jetpack_sharing_enabled":true,"_links":{"self":[{"href":"https:\/\/zonaroja.com.mx\/index.php?rest_route=\/wp\/v2\/posts\/49756","targetHints":{"allow":["GET"]}}],"collection":[{"href":"https:\/\/zonaroja.com.mx\/index.php?rest_route=\/wp\/v2\/posts"}],"about":[{"href":"https:\/\/zonaroja.com.mx\/index.php?rest_route=\/wp\/v2\/types\/post"}],"author":[{"embeddable":true,"href":"https:\/\/zonaroja.com.mx\/index.php?rest_route=\/wp\/v2\/users\/2"}],"replies":[{"embeddable":true,"href":"https:\/\/zonaroja.com.mx\/index.php?rest_route=%2Fwp%2Fv2%2Fcomments&post=49756"}],"version-history":[{"count":1,"href":"https:\/\/zonaroja.com.mx\/index.php?rest_route=\/wp\/v2\/posts\/49756\/revisions"}],"predecessor-version":[{"id":49757,"href":"https:\/\/zonaroja.com.mx\/index.php?rest_route=\/wp\/v2\/posts\/49756\/revisions\/49757"}],"wp:featuredmedia":[{"embeddable":true,"href":"https:\/\/zonaroja.com.mx\/index.php?rest_route=\/wp\/v2\/media\/40303"}],"wp:attachment":[{"href":"https:\/\/zonaroja.com.mx\/index.php?rest_route=%2Fwp%2Fv2%2Fmedia&parent=49756"}],"wp:term":[{"taxonomy":"category","embeddable":true,"href":"https:\/\/zonaroja.com.mx\/index.php?rest_route=%2Fwp%2Fv2%2Fcategories&post=49756"},{"taxonomy":"post_tag","embeddable":true,"href":"https:\/\/zonaroja.com.mx\/index.php?rest_route=%2Fwp%2Fv2%2Ftags&post=49756"}],"curies":[{"name":"wp","href":"https:\/\/api.w.org\/{rel}","templated":true}]}}