{"id":49760,"date":"2022-12-27T21:34:57","date_gmt":"2022-12-28T03:34:57","guid":{"rendered":"http:\/\/www.zonaroja.com.mx\/?p=49760"},"modified":"2022-12-27T21:37:59","modified_gmt":"2022-12-28T03:37:59","slug":"intensa-y-muy-roja-primavera-oaxaquena-dos-ejecutados-hoy-entre-ellos-una-mujer","status":"publish","type":"post","link":"https:\/\/zonaroja.com.mx\/?p=49760","title":{"rendered":"Intensa y muy roja \u201cprimavera oaxaque\u00f1a\u201d: dos ejecutados hoy, entre ellos una mujer"},"content":{"rendered":"\n<p>Ismael Garc\u00eda M.\/Zona Roja. Foto: El Flechador del Papaloapan<\/p>\n\n\n\n<p>Oaxaca de Ju\u00e1rez, Oax., a 27 de diciembre de 2022.- Dos personas, entre ellas una mujer, fueron asesinadas a balazos y dos m\u00e1s resultaron lesionadas de bala, en hechos ocurridos este martes en las regiones Cuenca y Costa del estado de Oaxaca.<\/p>\n\n\n\n<p>En la calle Hidalgo del Ejido San Bartolo, del municipio de San Juan Bautista Tuxtepec, fueron atacados con disparos de arma de fuego dos individuos y una mujer; dos de ellos fueron trasladados a un hospital.<\/p>\n\n\n\n<p>De manera preliminar se inform\u00f3 que una femenina muri\u00f3 en el lugar de los hechos y ha sido identificada como Y\u00e9sica P., de aproximadamente 35 a\u00f1os de edad.<\/p>\n\n\n\n<p>El ataque se registr\u00f3 esta tarde en el estacionamiento del restaurante \u201cSaboreando Oaxaca\u201d y los delincuentes lograron escapar.<\/p>\n\n\n\n<p>Por otra parte, en la carretera federal 200, Pinotepa Nacional-Acapulco, en jurisdicci\u00f3n de la entidad oaxaque\u00f1a, un transportista fue asesinado en su unidad de motor.<\/p>\n\n\n\n<p>Fue en jurisdicci\u00f3n del municipio de Santiago Llano Grande, a la altura del crucero a la localidad de Rancho Nuevo, en que fue ultimado a balazos el conductor de un veh\u00edculo con raz\u00f3n social \u201cBritish American Tobacco M\u00e9xico Comercial.<\/p>\n\n\n\n<p>La v\u00edctima fue identificada como Miguel V. G., de 54 a\u00f1os de edad y era originario de la agencia de Puerto Escondido, municipio de San Pedro Mixtepec.<\/p>\n\n\n\n<p>En ambos casos no hay personas detenidas.<\/p>\n","protected":false},"excerpt":{"rendered":"<p>Ismael Garc\u00eda M.\/Zona Roja. Foto: El Flechador del Papaloapan Oaxaca de Ju\u00e1rez, Oax., a 27&hellip;<\/p>\n","protected":false},"author":2,"featured_media":49761,"comment_status":"closed","ping_status":"open","sticky":false,"template":"","format":"standard","meta":{"_lmt_disableupdate":"","_lmt_disable":"","_jetpack_memberships_contains_paid_content":false,"footnotes":""},"categories":[109,51],"tags":[118,951],"class_list":["post-49760","post","type-post","status-publish","format-standard","has-post-thumbnail","hentry","category-minuto-a-minuto","category-zona-roja","tag-san-juan-bautista-tuxtepec","tag-santiago-llano-grande"],"jetpack_featured_media_url":"https:\/\/zonaroja.com.mx\/wp-content\/uploads\/2022\/12\/Asesinada-mujer-Tuxtepec-Oaxaca.jpg","jetpack_sharing_enabled":true,"_links":{"self":[{"href":"https:\/\/zonaroja.com.mx\/index.php?rest_route=\/wp\/v2\/posts\/49760","targetHints":{"allow":["GET"]}}],"collection":[{"href":"https:\/\/zonaroja.com.mx\/index.php?rest_route=\/wp\/v2\/posts"}],"about":[{"href":"https:\/\/zonaroja.com.mx\/index.php?rest_route=\/wp\/v2\/types\/post"}],"author":[{"embeddable":true,"href":"https:\/\/zonaroja.com.mx\/index.php?rest_route=\/wp\/v2\/users\/2"}],"replies":[{"embeddable":true,"href":"https:\/\/zonaroja.com.mx\/index.php?rest_route=%2Fwp%2Fv2%2Fcomments&post=49760"}],"version-history":[{"count":2,"href":"https:\/\/zonaroja.com.mx\/index.php?rest_route=\/wp\/v2\/posts\/49760\/revisions"}],"predecessor-version":[{"id":49763,"href":"https:\/\/zonaroja.com.mx\/index.php?rest_route=\/wp\/v2\/posts\/49760\/revisions\/49763"}],"wp:featuredmedia":[{"embeddable":true,"href":"https:\/\/zonaroja.com.mx\/index.php?rest_route=\/wp\/v2\/media\/49761"}],"wp:attachment":[{"href":"https:\/\/zonaroja.com.mx\/index.php?rest_route=%2Fwp%2Fv2%2Fmedia&parent=49760"}],"wp:term":[{"taxonomy":"category","embeddable":true,"href":"https:\/\/zonaroja.com.mx\/index.php?rest_route=%2Fwp%2Fv2%2Fcategories&post=49760"},{"taxonomy":"post_tag","embeddable":true,"href":"https:\/\/zonaroja.com.mx\/index.php?rest_route=%2Fwp%2Fv2%2Ftags&post=49760"}],"curies":[{"name":"wp","href":"https:\/\/api.w.org\/{rel}","templated":true}]}}