{"id":49767,"date":"2022-12-28T13:00:00","date_gmt":"2022-12-28T19:00:00","guid":{"rendered":"http:\/\/www.zonaroja.com.mx\/?p=49767"},"modified":"2022-12-28T06:50:05","modified_gmt":"2022-12-28T12:50:05","slug":"con-amlo-mexico-retrocede-al-lugar-42-en-el-indice-mundial-de-hambre","status":"publish","type":"post","link":"https:\/\/zonaroja.com.mx\/?p=49767","title":{"rendered":"Con AMLO, M\u00e9xico retrocede al lugar 42 en el \u00cdndice Mundial de Hambre"},"content":{"rendered":"\n<p>Redacci\u00f3n\/Zona Roja Cdmx.<\/p>\n\n\n\n<p>Ciudad de M\u00e9xico, a 28 de diciembre de 2022.- Seg\u00fan el \u00cdndice Mundial de Hambre (GHI), M\u00e9xico cay\u00f3 al lugar 42 en 2022 desde el 39 el a\u00f1o anterior y desde el 23 en 2019, antes del impacto de la crisis sanitaria de Covid-19.<\/p>\n\n\n\n<p>\u201cConforme el 2030 est\u00e1 m\u00e1s cerca, alcanzar el compromiso de Hambre Cero est\u00e1 tr\u00e1gicamente distante. Actuales proyecciones basadas en el GHI muestran que, en el mundo y 47 pa\u00edses en particular, no lograr\u00e1n incluso el hambre baja para el 2030\u2033, se\u00f1ala el reporte.<\/p>\n\n\n\n<p>En la edici\u00f3n 2022 del GHI, M\u00e9xico alcanz\u00f3 una puntuaci\u00f3n de 8.1 puntos entre 121 pa\u00edses con datos disponibles que le dieron la posici\u00f3n n\u00famero 42 en el \u00edndice; en 2021 ocup\u00f3 el lugar 39 con 8.5 puntos entre 116 pa\u00edses y en 2020 el sitio 38 entre 107 pa\u00edses. En el \u00edndice 2019 M\u00e9xico estaba en el lugar 23 con 6.2 puntos.<\/p>\n\n\n\n<p>El GHI determina el hambre en una escala de 100 puntos donde 0 es la mejor puntuaci\u00f3n posible sin hambre y 100 es la peor. En el GHI de cada pa\u00eds, la puntuaci\u00f3n se clasifica por gravedad, de baja a extremadamente alarmante.<\/p>\n\n\n\n<p>Las puntuaciones del GHI se basan en los valores de cuatro indicadores: desnutrici\u00f3n (proporci\u00f3n de la poblaci\u00f3n con ingesta cal\u00f3rica insuficiente), emaciaci\u00f3n infantil (proporci\u00f3n de ni\u00f1os menores de cinco a\u00f1os que tienen bajo peso para su estatura, lo que refleja desnutrici\u00f3n aguda), retraso del crecimiento infantil (proporci\u00f3n de ni\u00f1os cinco a\u00f1os que tienen baja estatura para su edad, lo que refleja desnutrici\u00f3n) y mortalidad infantil (tasa de mortalidad de ni\u00f1os menores de cinco a\u00f1os, lo que refleja en parte la combinaci\u00f3n fatal de nutrici\u00f3n inadecuada y ambientes insalubres).<\/p>\n\n\n\n<p>INSEGURIDAD ALIMENTARIA<\/p>\n\n\n\n<p>La guerra en Ucrania, la inflaci\u00f3n, la interrupci\u00f3n de las cadenas de suministro y la desaceleraci\u00f3n econ\u00f3mica mundial se combinaron para impulsar grandes alzas de los precios de muchos de los productos agr\u00edcolas como los fertilizantes.<\/p>\n\n\n\n<p>El Grupo de Banco Mundial ha puesto a disposici\u00f3n 30 mil millones de d\u00f3lares para abordar la inseguridad alimentaria a lo largo de un periodo de 15 meses y est\u00e1 en colaboraci\u00f3n con sus asociados para crear sistemas alimentarios y poder proveer alimentos a todas las personas.<\/p>\n\n\n\n<p>En el ejercicio de 2022, los nuevos compromisos del Banco Internacional de Reconstrucci\u00f3n y Fomento y la Asociaci\u00f3n Internacional de Fomento (BIRF\/AIF) para la agricultura y los sectores relacionados llegaron a 9 mil 600 millones de d\u00f3lares.<\/p>\n\n\n\n<p>(Informaci\u00f3n de \u201cEl Financiero\u201d)<\/p>\n","protected":false},"excerpt":{"rendered":"<p>Redacci\u00f3n\/Zona Roja Cdmx. Ciudad de M\u00e9xico, a 28 de diciembre de 2022.- Seg\u00fan el \u00cdndice&hellip;<\/p>\n","protected":false},"author":2,"featured_media":32649,"comment_status":"closed","ping_status":"open","sticky":false,"template":"","format":"standard","meta":{"_lmt_disableupdate":"","_lmt_disable":"","_jetpack_memberships_contains_paid_content":false,"footnotes":""},"categories":[109,47],"tags":[],"class_list":["post-49767","post","type-post","status-publish","format-standard","has-post-thumbnail","hentry","category-minuto-a-minuto","category-zona-gris"],"jetpack_featured_media_url":"https:\/\/zonaroja.com.mx\/wp-content\/uploads\/2021\/10\/Adulto-Mayor-pobreza.jpg","jetpack_sharing_enabled":true,"_links":{"self":[{"href":"https:\/\/zonaroja.com.mx\/index.php?rest_route=\/wp\/v2\/posts\/49767","targetHints":{"allow":["GET"]}}],"collection":[{"href":"https:\/\/zonaroja.com.mx\/index.php?rest_route=\/wp\/v2\/posts"}],"about":[{"href":"https:\/\/zonaroja.com.mx\/index.php?rest_route=\/wp\/v2\/types\/post"}],"author":[{"embeddable":true,"href":"https:\/\/zonaroja.com.mx\/index.php?rest_route=\/wp\/v2\/users\/2"}],"replies":[{"embeddable":true,"href":"https:\/\/zonaroja.com.mx\/index.php?rest_route=%2Fwp%2Fv2%2Fcomments&post=49767"}],"version-history":[{"count":1,"href":"https:\/\/zonaroja.com.mx\/index.php?rest_route=\/wp\/v2\/posts\/49767\/revisions"}],"predecessor-version":[{"id":49768,"href":"https:\/\/zonaroja.com.mx\/index.php?rest_route=\/wp\/v2\/posts\/49767\/revisions\/49768"}],"wp:featuredmedia":[{"embeddable":true,"href":"https:\/\/zonaroja.com.mx\/index.php?rest_route=\/wp\/v2\/media\/32649"}],"wp:attachment":[{"href":"https:\/\/zonaroja.com.mx\/index.php?rest_route=%2Fwp%2Fv2%2Fmedia&parent=49767"}],"wp:term":[{"taxonomy":"category","embeddable":true,"href":"https:\/\/zonaroja.com.mx\/index.php?rest_route=%2Fwp%2Fv2%2Fcategories&post=49767"},{"taxonomy":"post_tag","embeddable":true,"href":"https:\/\/zonaroja.com.mx\/index.php?rest_route=%2Fwp%2Fv2%2Ftags&post=49767"}],"curies":[{"name":"wp","href":"https:\/\/api.w.org\/{rel}","templated":true}]}}