{"id":49769,"date":"2022-12-28T09:50:00","date_gmt":"2022-12-28T15:50:00","guid":{"rendered":"http:\/\/www.zonaroja.com.mx\/?p=49769"},"modified":"2022-12-28T06:53:47","modified_gmt":"2022-12-28T12:53:47","slug":"sedena-advirtio-conflictos-sociales-y-delictivos-en-transistmico","status":"publish","type":"post","link":"https:\/\/zonaroja.com.mx\/?p=49769","title":{"rendered":"Sedena advirti\u00f3 conflictos sociales y delictivos en Trans\u00edstmico"},"content":{"rendered":"\n<p>Redacci\u00f3n\/Zona Roja Cdmx.<\/p>\n\n\n\n<p>Ciudad de M\u00e9xico, a 28 de diciembre de 2022.- El Corredor Interoce\u00e1nico del Istmo de Tehuantepec (CIIT), uno de los proyectos emblem\u00e1ticos de la Cuarta Transformaci\u00f3n, no solo traer\u00e1 desarrollo y competitividad al sureste del pa\u00eds, tambi\u00e9n conflictos sociales y delictivos, seg\u00fan advirti\u00f3 una presentaci\u00f3n del Ej\u00e9rcito filtrada en los Guacamaya Leaks.<\/p>\n\n\n\n<p>De acuerdo con el reportaje del diario \u201cEl Sol de M\u00e9xico\u201d, en el documento que data de febrero de 2021, la Secretar\u00eda de la Defensa Nacional (Sedena) prev\u00e9 que el desarrollo tanto del ferrocarril como de los parques industriales en la zona provoque disputas por el suelo y entre bandas criminales.<\/p>\n\n\n\n<p>\u201cCon el proyecto en marcha del corredor Trans\u00edstmico de Tehuantepec Salina Cruz, Oaxaca-Coatzacoalcos, Veracruz de la actual administraci\u00f3n federal, en donde existir\u00e1 una importante derrama econ\u00f3mica, se prev\u00e9n nuevos conflictos territoriales, sociales y de la delincuencia organizada por aprovechar las oportunidades econ\u00f3micas que dicho proyecto generar\u00e1\u201d, dice la presentaci\u00f3n.<\/p>\n\n\n\n<p>El CIIT es un proyecto que conectar\u00e1 el Golfo de M\u00e9xico y el Oc\u00e9ano Pac\u00edfico para facilitar el comercio en el pa\u00eds y desde Asia a la costa Este de Estados Unidos, con el fin de competir con el Canal de Panam\u00e1.<\/p>\n\n\n\n<p>Para ello, el gobierno prev\u00e9 rehabilitar 309 kil\u00f3metros de v\u00eda ferroviaria con una inversi\u00f3n de tres mil 900 millones de pesos, lo que permitir\u00e1 la reducci\u00f3n de tiempos de traslado de 7.5 horas a cuatro horas, as\u00ed como una inversi\u00f3n de superior a los dos mil millones de pesos para modernizar los puertos de Salina Cruz y Coatzacoalcos, entre otras.<\/p>\n\n\n\n<p>Adem\u00e1s, se otorgar\u00e1n beneficios para la construcci\u00f3n de 10 parques industriales por diversas industrias, para beneficiar directamente a 79 municipios de Veracruz y Oaxaca as\u00ed como a toda la regi\u00f3n.<\/p>\n\n\n\n<p>Pero \u2014seg\u00fan la informaci\u00f3n publicada por \u201cEl Sol de M\u00e9xico\u201d\u2014 la Sedena advirti\u00f3 que estos beneficios pueden originar el incremento de la violencia e inseguridad en los municipios de Jes\u00fas Carranza, Sayula de Alem\u00e1n, Acayucan, J\u00e1ltipan de Morelos, Cosolecaque, Minatitl\u00e1n y Coatzacoalcos, en el estado de Veracruz; y en Salina Cruz, Tehuantepec, Asunci\u00f3n Ixtaltepec, Juchit\u00e1n, Ixtepex, Barrio la Soledad, Mat\u00edas Romero y San Juan Huichicovi, en Oaxaca.<\/p>\n\n\n\n<p>La dependencia federal detect\u00f3 la presencia de cinco organizaciones delictivas que sostienen confrontaciones entre ellas para desarrollar sus actividades il\u00edcitas, lo que puede derivar que en los municipios que integran el CIIT incrementen sus niveles de violencia en el mediano plazo.<\/p>\n\n\n\n<p>Entre estos grupos delictivos est\u00e1n el C\u00e1rtel Jalisco Nueva Generaci\u00f3n (CJNG), los Zetas y el grupo de los Beltr\u00e1n Leyva.<\/p>\n\n\n\n<p>De acuerdo con la Sedena, la regi\u00f3n sureste es la que menor \u00edndice delictivo, pero hay estados donde el \u00edndice de criminalidad est\u00e1 por encima de la tasa nacional: Veracruz, Tabasco y Quintana Roo.<\/p>\n\n\n\n<p>En el caso de Oaxaca, la dependencia destac\u00f3 sus bajos \u00edndices de inseguridad, pero no descart\u00f3 un incremento en la violencia a causa de la explotaci\u00f3n de las fuentes de ingresos econ\u00f3micos que el Corredor Trans\u00edstmico pueda generar.<\/p>\n\n\n\n<p>En cuanto a Veracruz, advirti\u00f3 incrementos en los homicidios y extorsiones, presumiblemente por disputas por el control del territorio que ocupar\u00e1 el proyecto.<\/p>\n\n\n\n<p>(El Sol de M\u00e9xico)<\/p>\n","protected":false},"excerpt":{"rendered":"<p>Redacci\u00f3n\/Zona Roja Cdmx. Ciudad de M\u00e9xico, a 28 de diciembre de 2022.- El Corredor Interoce\u00e1nico&hellip;<\/p>\n","protected":false},"author":2,"featured_media":6164,"comment_status":"closed","ping_status":"open","sticky":false,"template":"","format":"standard","meta":{"_lmt_disableupdate":"","_lmt_disable":"","_jetpack_memberships_contains_paid_content":false,"footnotes":""},"categories":[109,47],"tags":[2917],"class_list":["post-49769","post","type-post","status-publish","format-standard","has-post-thumbnail","hentry","category-minuto-a-minuto","category-zona-gris","tag-corredor-interoceanico-oaxaca"],"jetpack_featured_media_url":"https:\/\/zonaroja.com.mx\/wp-content\/uploads\/2019\/11\/Corredor-Trans\u00edstimico.jpg","jetpack_sharing_enabled":true,"_links":{"self":[{"href":"https:\/\/zonaroja.com.mx\/index.php?rest_route=\/wp\/v2\/posts\/49769","targetHints":{"allow":["GET"]}}],"collection":[{"href":"https:\/\/zonaroja.com.mx\/index.php?rest_route=\/wp\/v2\/posts"}],"about":[{"href":"https:\/\/zonaroja.com.mx\/index.php?rest_route=\/wp\/v2\/types\/post"}],"author":[{"embeddable":true,"href":"https:\/\/zonaroja.com.mx\/index.php?rest_route=\/wp\/v2\/users\/2"}],"replies":[{"embeddable":true,"href":"https:\/\/zonaroja.com.mx\/index.php?rest_route=%2Fwp%2Fv2%2Fcomments&post=49769"}],"version-history":[{"count":1,"href":"https:\/\/zonaroja.com.mx\/index.php?rest_route=\/wp\/v2\/posts\/49769\/revisions"}],"predecessor-version":[{"id":49770,"href":"https:\/\/zonaroja.com.mx\/index.php?rest_route=\/wp\/v2\/posts\/49769\/revisions\/49770"}],"wp:featuredmedia":[{"embeddable":true,"href":"https:\/\/zonaroja.com.mx\/index.php?rest_route=\/wp\/v2\/media\/6164"}],"wp:attachment":[{"href":"https:\/\/zonaroja.com.mx\/index.php?rest_route=%2Fwp%2Fv2%2Fmedia&parent=49769"}],"wp:term":[{"taxonomy":"category","embeddable":true,"href":"https:\/\/zonaroja.com.mx\/index.php?rest_route=%2Fwp%2Fv2%2Fcategories&post=49769"},{"taxonomy":"post_tag","embeddable":true,"href":"https:\/\/zonaroja.com.mx\/index.php?rest_route=%2Fwp%2Fv2%2Ftags&post=49769"}],"curies":[{"name":"wp","href":"https:\/\/api.w.org\/{rel}","templated":true}]}}