{"id":49774,"date":"2022-12-28T07:28:24","date_gmt":"2022-12-28T13:28:24","guid":{"rendered":"http:\/\/www.zonaroja.com.mx\/?p=49774"},"modified":"2022-12-28T07:28:26","modified_gmt":"2022-12-28T13:28:26","slug":"criminal-violencia-en-oaxaca-a-dos-cuadras-del-palacio-de-gobierno-asesinan-a-dos","status":"publish","type":"post","link":"https:\/\/zonaroja.com.mx\/?p=49774","title":{"rendered":"Criminal violencia en Oaxaca: a dos cuadras del Palacio de Gobierno asesinan a dos"},"content":{"rendered":"\n<p>Ismael Garc\u00eda M.\/Zona Roja.<\/p>\n\n\n\n<p>Oaxaca de Ju\u00e1rez, Oax., a 28 de diciembre de 2022.- Ante la nula presencia policiaca y resultado del fracaso del operativo de seguridad gubernamental, dos personas fueron asesinadas la madrugada de este mi\u00e9rcoles, a dos cuadras del z\u00f3calo de la ciudad de Oaxaca.<\/p>\n\n\n\n<p>Una presunta ri\u00f1a en una taquer\u00eda ambulante, ubicada en la calle de Las Casas esquina con 20 de Noviembre, origin\u00f3 que un sujeto disparara en contra de un taquero; las balas alcanzaron a otras dos personas.<\/p>\n\n\n\n<p>Param\u00e9dicos del Heroico Cuerpo de Bomberos arribaron al sitio para brindar los primeros auxilios, pero corroboraron que dos individuos ya no ten\u00edan signos vitales, mientras que uno m\u00e1s fue trasladado a un hospital.<\/p>\n\n\n\n<p>Las v\u00edctimas fueron identificadas como Wilebaldo \u201cN\u201d, de 34 a\u00f1os de edad y con domicilio en San Antonio de la Cal, y Pablo \u201cN\u201d, con domicilio en la colonia Reforma Agraria, Santa Cruz Xoxocotl\u00e1n.<\/p>\n\n\n\n<p>Los agresores, que eran al menos tres sujetos, lograron huir del lugar a bordo de un veh\u00edculo de motor; no hab\u00eda polic\u00edas en la zona, pese a estar ubicada tambi\u00e9n a dos cuadras del Palacio de Gobierno y a tres cuadras de la Alameda de Le\u00f3n, en el Centro Hist\u00f3rico.<\/p>\n\n\n\n<p>Apenas ayer martes, un transportista fue ejecutado en Santiago Llano Grande, en la regi\u00f3n de la Costa, mientras que en San Juan Bautista Tuxtepec fue asesinada una mujer y dos personas m\u00e1s resultaron heridas de bala, entre ellas una femenina. En todos los casos no hay personas detenidas.<\/p>\n\n\n\n<figure class=\"wp-block-embed is-type-rich is-provider-twitter wp-block-embed-twitter\"><div class=\"wp-block-embed__wrapper\">\n<div class=\"twitter-tweet\"><blockquote class=\"twitter-tweet\" data-lang=\"es\"><p lang=\"es\" dir=\"ltr\">Terrible inseguridad en <a href=\"https:\/\/twitter.com\/hashtag\/Oaxaca?src=hash&amp;ref_src=twsrc%5Etfw\">#Oaxaca<\/a> y fallido operativo de la <a href=\"https:\/\/twitter.com\/SSP_GobOax?ref_src=twsrc%5Etfw\">@SSP_GobOax<\/a>.<br>En los primeros minutos de hoy dos personas fueron asesinadas a balazos, a dos cuadras del z\u00f3calo de la capital.<br>Ni un polic\u00eda, ni municipal ni estatal ni federal, hab\u00eda en la zona.<br>Los delincuentes huyeron. <a href=\"https:\/\/t.co\/58JwBCmuV0\">pic.twitter.com\/58JwBCmuV0<\/a><\/p>&mdash; Zona Roja Oaxaca (@ZonaRoja_Oaxaca) <a href=\"https:\/\/twitter.com\/ZonaRoja_Oaxaca\/status\/1608086351085449221?ref_src=twsrc%5Etfw\">28 de diciembre de 2022<\/a><\/blockquote><\/div>\n<\/div><\/figure>\n","protected":false},"excerpt":{"rendered":"<p>Ismael Garc\u00eda M.\/Zona Roja. Oaxaca de Ju\u00e1rez, Oax., a 28 de diciembre de 2022.- Ante&hellip;<\/p>\n","protected":false},"author":2,"featured_media":49776,"comment_status":"closed","ping_status":"open","sticky":false,"template":"","format":"standard","meta":{"_lmt_disableupdate":"","_lmt_disable":"","_jetpack_memberships_contains_paid_content":false,"footnotes":""},"categories":[109,51],"tags":[148],"class_list":["post-49774","post","type-post","status-publish","format-standard","has-post-thumbnail","hentry","category-minuto-a-minuto","category-zona-roja","tag-oaxaca-de-juarez"],"jetpack_featured_media_url":"https:\/\/zonaroja.com.mx\/wp-content\/uploads\/2022\/12\/Dos-asesinados-centro-ciudad-de-Oaxaca.jpg","jetpack_sharing_enabled":true,"_links":{"self":[{"href":"https:\/\/zonaroja.com.mx\/index.php?rest_route=\/wp\/v2\/posts\/49774","targetHints":{"allow":["GET"]}}],"collection":[{"href":"https:\/\/zonaroja.com.mx\/index.php?rest_route=\/wp\/v2\/posts"}],"about":[{"href":"https:\/\/zonaroja.com.mx\/index.php?rest_route=\/wp\/v2\/types\/post"}],"author":[{"embeddable":true,"href":"https:\/\/zonaroja.com.mx\/index.php?rest_route=\/wp\/v2\/users\/2"}],"replies":[{"embeddable":true,"href":"https:\/\/zonaroja.com.mx\/index.php?rest_route=%2Fwp%2Fv2%2Fcomments&post=49774"}],"version-history":[{"count":1,"href":"https:\/\/zonaroja.com.mx\/index.php?rest_route=\/wp\/v2\/posts\/49774\/revisions"}],"predecessor-version":[{"id":49777,"href":"https:\/\/zonaroja.com.mx\/index.php?rest_route=\/wp\/v2\/posts\/49774\/revisions\/49777"}],"wp:featuredmedia":[{"embeddable":true,"href":"https:\/\/zonaroja.com.mx\/index.php?rest_route=\/wp\/v2\/media\/49776"}],"wp:attachment":[{"href":"https:\/\/zonaroja.com.mx\/index.php?rest_route=%2Fwp%2Fv2%2Fmedia&parent=49774"}],"wp:term":[{"taxonomy":"category","embeddable":true,"href":"https:\/\/zonaroja.com.mx\/index.php?rest_route=%2Fwp%2Fv2%2Fcategories&post=49774"},{"taxonomy":"post_tag","embeddable":true,"href":"https:\/\/zonaroja.com.mx\/index.php?rest_route=%2Fwp%2Fv2%2Ftags&post=49774"}],"curies":[{"name":"wp","href":"https:\/\/api.w.org\/{rel}","templated":true}]}}