{"id":49782,"date":"2022-12-28T08:14:04","date_gmt":"2022-12-28T14:14:04","guid":{"rendered":"http:\/\/www.zonaroja.com.mx\/?p=49782"},"modified":"2022-12-28T08:14:06","modified_gmt":"2022-12-28T14:14:06","slug":"advierten-que-seguira-intenso-frio-y-posibles-heladas-en-oaxaca","status":"publish","type":"post","link":"https:\/\/zonaroja.com.mx\/?p=49782","title":{"rendered":"Advierten que seguir\u00e1 intenso fr\u00edo y posibles heladas en Oaxaca"},"content":{"rendered":"\n<p>Redacci\u00f3n\/Zona Roja.<\/p>\n\n\n\n<p>Oaxaca de Ju\u00e1rez, Oax., a 28 de diciembre de 2022.- La Coordinaci\u00f3n Estatal de Protecci\u00f3n Civil y Gesti\u00f3n Integral de Riesgos dio a conocer que el pron\u00f3stico del tiempo para esta semana ser\u00e1 de ma\u00f1anas y noches fr\u00edas con posibilidad de heladas en las zonas monta\u00f1osas de la Sierra Norte, Sierra Sur y Mixteca, acompa\u00f1adas de niebla.<\/p>\n\n\n\n<p>Detall\u00f3 que este martes, el frente fr\u00edo n\u00famero 19 inici\u00f3 su proceso de disipaci\u00f3n y la modificaci\u00f3n de la masa de aire fr\u00edo que lo impulsaba, por lo que se tendr\u00e1 una ligera recuperaci\u00f3n en la sensaci\u00f3n t\u00e9rmica, persistiendo el ambiente fr\u00edo.<\/p>\n\n\n\n<p>A partir del mi\u00e9rcoles, es posible que transite un nuevo sistema frontal de poca intensidad, el cual se extender\u00e1 sobre el noroeste de la Rep\u00fablica Mexicana y se asociar\u00e1 con una vaguada polar; en el sur de pa\u00eds, se establecer\u00e1 un sistema anticicl\u00f3nico que permanecer\u00e1 hasta el fin de semana.<\/p>\n\n\n\n<p>La Coordinaci\u00f3n inform\u00f3 que despu\u00e9s de varios d\u00edas con evento de \u201cNorte\u201d intenso en el oriente del Istmo, en especial en el tramo La Venta-La Ventosa, para esta semana disminuir\u00e1n los vientos del norte de manera importante, permaneciendo con una intensidad moderada.<\/p>\n\n\n\n<p>El pron\u00f3stico para la capital del estado ser\u00e1 de ma\u00f1anas y noches fr\u00edas, despejado a medio nublado durante el d\u00eda, soplar\u00e1n vientos frescos del norte y la temperatura para las siguientes horas ser\u00e1 de 27 grados cent\u00edgrados como m\u00e1xima y m\u00ednima de 8.<\/p>\n\n\n\n<p>Protecci\u00f3n Civil Estatal pidi\u00f3 a la poblaci\u00f3n continuar atenta a los pron\u00f3sticos del tiempo, as\u00ed como atender las recomendaciones ante los cambios bruscos de temperatura, consumir alimentos con vitamina A y C, proteger a la poblaci\u00f3n m\u00e1s vulnerable del fr\u00edo (adultos mayores, infancias y personas en situaci\u00f3n de calle), evitar las intoxicaciones por el mon\u00f3xido de carbono y evitar transitar por caminos congelados o con escarcha.<\/p>\n\n\n\n<p>Ante el aumento de casos de enfermedades respiratorias, llam\u00f3 a hacer caso de las medidas sanitarias para evitar contagios, lavarse las manos constantemente; usar cubrebocas en espacios cerrados o si se presenta alg\u00fan cuadro viral; no exponerse a contaminantes ambientales; no fumar en lugares cerrados ni cerca de ni\u00f1os, personas enfermas ni adultos mayores; si presentan cualquier malestar, evitar automedicarse y acudir a las unidades m\u00e9dicas m\u00e1s cercanas.<\/p>\n","protected":false},"excerpt":{"rendered":"<p>Redacci\u00f3n\/Zona Roja. Oaxaca de Ju\u00e1rez, Oax., a 28 de diciembre de 2022.- La Coordinaci\u00f3n Estatal&hellip;<\/p>\n","protected":false},"author":2,"featured_media":36042,"comment_status":"closed","ping_status":"open","sticky":false,"template":"","format":"standard","meta":{"_lmt_disableupdate":"","_lmt_disable":"","_jetpack_memberships_contains_paid_content":false,"footnotes":""},"categories":[109,47],"tags":[212],"class_list":["post-49782","post","type-post","status-publish","format-standard","has-post-thumbnail","hentry","category-minuto-a-minuto","category-zona-gris","tag-coordinacion-estatal-de-proteccion-civil"],"jetpack_featured_media_url":"https:\/\/zonaroja.com.mx\/wp-content\/uploads\/2022\/01\/Heladas-Oaxaca-frio.jpg","jetpack_sharing_enabled":true,"_links":{"self":[{"href":"https:\/\/zonaroja.com.mx\/index.php?rest_route=\/wp\/v2\/posts\/49782","targetHints":{"allow":["GET"]}}],"collection":[{"href":"https:\/\/zonaroja.com.mx\/index.php?rest_route=\/wp\/v2\/posts"}],"about":[{"href":"https:\/\/zonaroja.com.mx\/index.php?rest_route=\/wp\/v2\/types\/post"}],"author":[{"embeddable":true,"href":"https:\/\/zonaroja.com.mx\/index.php?rest_route=\/wp\/v2\/users\/2"}],"replies":[{"embeddable":true,"href":"https:\/\/zonaroja.com.mx\/index.php?rest_route=%2Fwp%2Fv2%2Fcomments&post=49782"}],"version-history":[{"count":1,"href":"https:\/\/zonaroja.com.mx\/index.php?rest_route=\/wp\/v2\/posts\/49782\/revisions"}],"predecessor-version":[{"id":49783,"href":"https:\/\/zonaroja.com.mx\/index.php?rest_route=\/wp\/v2\/posts\/49782\/revisions\/49783"}],"wp:featuredmedia":[{"embeddable":true,"href":"https:\/\/zonaroja.com.mx\/index.php?rest_route=\/wp\/v2\/media\/36042"}],"wp:attachment":[{"href":"https:\/\/zonaroja.com.mx\/index.php?rest_route=%2Fwp%2Fv2%2Fmedia&parent=49782"}],"wp:term":[{"taxonomy":"category","embeddable":true,"href":"https:\/\/zonaroja.com.mx\/index.php?rest_route=%2Fwp%2Fv2%2Fcategories&post=49782"},{"taxonomy":"post_tag","embeddable":true,"href":"https:\/\/zonaroja.com.mx\/index.php?rest_route=%2Fwp%2Fv2%2Ftags&post=49782"}],"curies":[{"name":"wp","href":"https:\/\/api.w.org\/{rel}","templated":true}]}}