{"id":49784,"date":"2022-12-28T15:57:07","date_gmt":"2022-12-28T21:57:07","guid":{"rendered":"http:\/\/www.zonaroja.com.mx\/?p=49784"},"modified":"2022-12-28T16:22:56","modified_gmt":"2022-12-28T22:22:56","slug":"balacera-y-asalto-en-el-istmo-mientras-gobernador-preside-reunion-de-seguridad","status":"publish","type":"post","link":"https:\/\/zonaroja.com.mx\/?p=49784","title":{"rendered":"Balacera y asalto en el Istmo\u2026 mientras gobernador preside reuni\u00f3n de seguridad"},"content":{"rendered":"\n<p>Ismael Garc\u00eda M.\/Zona Roja. Foto: Edwin Meneses.<\/p>\n\n\n\n<p>Oaxaca de Ju\u00e1rez, Oax., a 28 de diciembre de 2022.- Mientras el gobernador Salom\u00f3n Jara Cruz presid\u00eda en la zona militar ubicada en Ciudad Ixtepec una reuni\u00f3n de seguridad, en Salina Cruz se desat\u00f3 un enfrentamiento armado, en tanto que en pleno centro de Tehuantepec intentaron asaltar una Farmacia del Ahorro.<\/p>\n\n\n\n<p>Adem\u00e1s, en el municipio de San Luis Amatl\u00e1n, en la regi\u00f3n de la Sierra Sur, fue ejecutado a balazos un individuo.<\/p>\n\n\n\n<p>\u201cRealizamos la Reuni\u00f3n de la Mesa de Coordinaci\u00f3n para la Construcci\u00f3n de Paz y Seguridad, en la 46\/a Zona Militar de Ciudad Ixtepec, en la regi\u00f3n del Istmo.&nbsp;<\/p>\n\n\n\n<p>\u201cAgradezco la participaci\u00f3n de las y los funcionarios de los tres niveles de gobierno que trabajan arduamente en la generaci\u00f3n de proyectos y acciones en materia de seguridad. Juntas y juntos, construimos las condiciones de paz y seguridad que las familias oaxaque\u00f1as merecen\u201d, difundi\u00f3 el mandatario v\u00eda redes sociales.<\/p>\n\n\n\n<p>Mientras tanto, en la calle 20 de Noviembre de la colonia Lomas de Galindo de Salina Cruz, se registr\u00f3 un enfrentamiento armado, sin que hubiera personas lesionadas o fallecidas.<\/p>\n\n\n\n<p>Seg\u00fan los primeros reportes, la balacera ocurri\u00f3 entre dos ocupantes de una motocicleta contra quienes viajaban en una camioneta; en el sitio quedaron al menos 20 casquillos percutidos de armas de grueso calibre.<\/p>\n\n\n\n<p>Polic\u00edas municipales y estatales llegaron a la zona pero pese a supuestos operativos, no lograron detener a los autores del enfrentamiento. <\/p>\n\n\n\n<p>En tanto, el edil morenista Daniel M\u00e9ndez Sosa, no se hallaba en esa ciudad porte\u00f1a pero tampoco acudi\u00f3 a la reuni\u00f3n de seguridad que presidi\u00f3 el mandatario estatal.<\/p>\n\n\n\n<p>En tanto que en Santo Domingo Tehuantepec, a una cuadra del palacio municipal, dos sujetos armados ingresaron para asaltar la Farmacia del Ahorro, ubicada en la avenida Ju\u00e1rez.<\/p>\n\n\n\n<p>Una empleada logr\u00f3 activar la alarma, lo que origin\u00f3 que los delincuentes huyeran; tampoco hab\u00eda polic\u00edas en la zona, por lo cual no hay detenidos. <\/p>\n\n\n\n<p>La presidenta municipal, tambi\u00e9n de Morena, Vilma Mart\u00ednez Cort\u00e9s, acompa\u00f1aba al gobernador a una gira, junto con polic\u00edas municipales que la cuidaban.<\/p>\n\n\n\n<p>Sobre el asesinato en San Luis Amatl\u00e1n, el cuerpo sin vida de la v\u00edctima, con varios balazos, fue localizado en el barrio Primera Secci\u00f3n.<\/p>\n\n\n\n<p>De manera preliminar se dio a conocer que fue identificado por sus familiares con las siglas C.M., de unos 40 a\u00f1os de edad. <\/p>\n\n\n\n<figure class=\"wp-block-embed is-type-rich is-provider-twitter wp-block-embed-twitter\"><div class=\"wp-block-embed__wrapper\">\n<div class=\"twitter-tweet\"><blockquote class=\"twitter-tweet\" data-lang=\"es\"><p lang=\"es\" dir=\"ltr\">Agradezco la participaci\u00f3n de las y los funcionarios de los tres niveles de gobierno que trabajan arduamente en la generaci\u00f3n de proyectos y acciones en materia de seguridad.<br><br>Juntas y juntos, construimos las condiciones de paz y seguridad que las familias oaxaque\u00f1as merecen.<\/p>&mdash; Salom\u00f3n Jara Cruz (@salomonj) <a href=\"https:\/\/twitter.com\/salomonj\/status\/1608135607766900736?ref_src=twsrc%5Etfw\">28 de diciembre de 2022<\/a><\/blockquote><\/div>\n<\/div><\/figure>\n","protected":false},"excerpt":{"rendered":"<p>Ismael Garc\u00eda M.\/Zona Roja. Foto: Edwin Meneses. Oaxaca de Ju\u00e1rez, Oax., a 28 de diciembre&hellip;<\/p>\n","protected":false},"author":2,"featured_media":49785,"comment_status":"closed","ping_status":"open","sticky":false,"template":"","format":"standard","meta":{"_lmt_disableupdate":"","_lmt_disable":"","_jetpack_memberships_contains_paid_content":false,"footnotes":""},"categories":[109,47],"tags":[168],"class_list":["post-49784","post","type-post","status-publish","format-standard","has-post-thumbnail","hentry","category-minuto-a-minuto","category-zona-gris","tag-salina-cruz"],"jetpack_featured_media_url":"https:\/\/zonaroja.com.mx\/wp-content\/uploads\/2022\/12\/Balacera-en-Salina-Cruz.jpeg","jetpack_sharing_enabled":true,"_links":{"self":[{"href":"https:\/\/zonaroja.com.mx\/index.php?rest_route=\/wp\/v2\/posts\/49784","targetHints":{"allow":["GET"]}}],"collection":[{"href":"https:\/\/zonaroja.com.mx\/index.php?rest_route=\/wp\/v2\/posts"}],"about":[{"href":"https:\/\/zonaroja.com.mx\/index.php?rest_route=\/wp\/v2\/types\/post"}],"author":[{"embeddable":true,"href":"https:\/\/zonaroja.com.mx\/index.php?rest_route=\/wp\/v2\/users\/2"}],"replies":[{"embeddable":true,"href":"https:\/\/zonaroja.com.mx\/index.php?rest_route=%2Fwp%2Fv2%2Fcomments&post=49784"}],"version-history":[{"count":2,"href":"https:\/\/zonaroja.com.mx\/index.php?rest_route=\/wp\/v2\/posts\/49784\/revisions"}],"predecessor-version":[{"id":49794,"href":"https:\/\/zonaroja.com.mx\/index.php?rest_route=\/wp\/v2\/posts\/49784\/revisions\/49794"}],"wp:featuredmedia":[{"embeddable":true,"href":"https:\/\/zonaroja.com.mx\/index.php?rest_route=\/wp\/v2\/media\/49785"}],"wp:attachment":[{"href":"https:\/\/zonaroja.com.mx\/index.php?rest_route=%2Fwp%2Fv2%2Fmedia&parent=49784"}],"wp:term":[{"taxonomy":"category","embeddable":true,"href":"https:\/\/zonaroja.com.mx\/index.php?rest_route=%2Fwp%2Fv2%2Fcategories&post=49784"},{"taxonomy":"post_tag","embeddable":true,"href":"https:\/\/zonaroja.com.mx\/index.php?rest_route=%2Fwp%2Fv2%2Ftags&post=49784"}],"curies":[{"name":"wp","href":"https:\/\/api.w.org\/{rel}","templated":true}]}}