{"id":49790,"date":"2022-12-28T16:05:07","date_gmt":"2022-12-28T22:05:07","guid":{"rendered":"http:\/\/www.zonaroja.com.mx\/?p=49790"},"modified":"2022-12-28T16:05:10","modified_gmt":"2022-12-28T22:05:10","slug":"inicia-la-fiscalia-carpeta-de-investigacion-por-doble-homicidio-en-la-capital","status":"publish","type":"post","link":"https:\/\/zonaroja.com.mx\/?p=49790","title":{"rendered":"Inicia la Fiscal\u00eda Carpeta de Investigaci\u00f3n por doble homicidio en la capital"},"content":{"rendered":"\n<p>Redacci\u00f3n\/Zona Roja.<\/p>\n\n\n\n<p>Oaxaca de Ju\u00e1rez, Oax., 28 de diciembre de 2022.- La Fiscal\u00eda General de Estado de Oaxaca (FGEO) inici\u00f3 la carpeta de investigaci\u00f3n 44175\/FDAI\/UEIH\/2022 por el delito de homicidio calificado en contra de quien o quienes resulten responsables, cometido en contra de dos personas del sexo masculino identificados como W. E. B., y P. M. C., ocurrido la noche del 27 de diciembre del presente a\u00f1o en inmediaciones del Centro Hist\u00f3rico de la capital oaxaque\u00f1a.<\/p>\n\n\n\n<p>A partir de que la FGEO tuvo conocimiento del caso, se iniciaron las labores de investigaci\u00f3n a trav\u00e9s de la Fiscal\u00eda Especializada en Atenci\u00f3n a Delitos de Alto Impacto que despleg\u00f3 a su equipo multidisciplinario.<\/p>\n\n\n\n<p>Peritos especialistas en diferentes materias acudieron al lugar de los hechos en compa\u00f1\u00eda de elementos de la Agencia Estatal de Investigaciones (AEI) para procesar los indicios hallados en el sitio.<\/p>\n\n\n\n<p>La Fiscal\u00eda de Oaxaca est\u00e1 comprometida con la investigaci\u00f3n y resoluci\u00f3n de casos en que los delitos lastiman el tejido social del estado.<\/p>\n\n\n\n<p>(Comunicado)<\/p>\n","protected":false},"excerpt":{"rendered":"<p>Redacci\u00f3n\/Zona Roja. Oaxaca de Ju\u00e1rez, Oax., 28 de diciembre de 2022.- La Fiscal\u00eda General de&hellip;<\/p>\n","protected":false},"author":2,"featured_media":49791,"comment_status":"closed","ping_status":"open","sticky":false,"template":"","format":"standard","meta":{"_lmt_disableupdate":"","_lmt_disable":"","_jetpack_memberships_contains_paid_content":false,"footnotes":""},"categories":[109,46],"tags":[494],"class_list":["post-49790","post","type-post","status-publish","format-standard","has-post-thumbnail","hentry","category-minuto-a-minuto","category-zona-blanca","tag-fiscalia-general-del-estado-de-oaxaca"],"jetpack_featured_media_url":"https:\/\/zonaroja.com.mx\/wp-content\/uploads\/2022\/12\/Asesinados-dos-centro-ciudad-de-Oaxaca.webp","jetpack_sharing_enabled":true,"_links":{"self":[{"href":"https:\/\/zonaroja.com.mx\/index.php?rest_route=\/wp\/v2\/posts\/49790","targetHints":{"allow":["GET"]}}],"collection":[{"href":"https:\/\/zonaroja.com.mx\/index.php?rest_route=\/wp\/v2\/posts"}],"about":[{"href":"https:\/\/zonaroja.com.mx\/index.php?rest_route=\/wp\/v2\/types\/post"}],"author":[{"embeddable":true,"href":"https:\/\/zonaroja.com.mx\/index.php?rest_route=\/wp\/v2\/users\/2"}],"replies":[{"embeddable":true,"href":"https:\/\/zonaroja.com.mx\/index.php?rest_route=%2Fwp%2Fv2%2Fcomments&post=49790"}],"version-history":[{"count":1,"href":"https:\/\/zonaroja.com.mx\/index.php?rest_route=\/wp\/v2\/posts\/49790\/revisions"}],"predecessor-version":[{"id":49792,"href":"https:\/\/zonaroja.com.mx\/index.php?rest_route=\/wp\/v2\/posts\/49790\/revisions\/49792"}],"wp:featuredmedia":[{"embeddable":true,"href":"https:\/\/zonaroja.com.mx\/index.php?rest_route=\/wp\/v2\/media\/49791"}],"wp:attachment":[{"href":"https:\/\/zonaroja.com.mx\/index.php?rest_route=%2Fwp%2Fv2%2Fmedia&parent=49790"}],"wp:term":[{"taxonomy":"category","embeddable":true,"href":"https:\/\/zonaroja.com.mx\/index.php?rest_route=%2Fwp%2Fv2%2Fcategories&post=49790"},{"taxonomy":"post_tag","embeddable":true,"href":"https:\/\/zonaroja.com.mx\/index.php?rest_route=%2Fwp%2Fv2%2Ftags&post=49790"}],"curies":[{"name":"wp","href":"https:\/\/api.w.org\/{rel}","templated":true}]}}