{"id":49795,"date":"2022-12-28T20:22:24","date_gmt":"2022-12-29T02:22:24","guid":{"rendered":"http:\/\/www.zonaroja.com.mx\/?p=49795"},"modified":"2022-12-28T20:22:28","modified_gmt":"2022-12-29T02:22:28","slug":"casi-un-mes-despues-muere-uno-de-los-tres-pequenos-por-rabia-silvestre","status":"publish","type":"post","link":"https:\/\/zonaroja.com.mx\/?p=49795","title":{"rendered":"Casi un mes despu\u00e9s, muere uno de los tres peque\u00f1os por rabia silvestre"},"content":{"rendered":"\n<p>Ismael Garc\u00eda M.\/Zona Roja.<\/p>\n\n\n\n<p>Oaxaca de Ju\u00e1rez, Oax., 28 de diciembre de 2022.- Uno de los tres peque\u00f1os de San Lorenzo Texmeluca, mordidos por murci\u00e9lagos, que les provocaron la rabia silvestre, muri\u00f3 la tarde de hoy.<\/p>\n\n\n\n<p>Ello lo confirm\u00f3 la dependencia del gobierno estatal Servicios de Salud de Oaxaca (SSO) y se trata del ni\u00f1o de siete a\u00f1os de edad, originario de la localidad de Palo de Lima.<\/p>\n\n\n\n<p>Mientras que la menor de ocho a\u00f1os de edad, sigue grave de salud; \u201cactualmente se encuentra bajo sedoanalgesia y ventilaci\u00f3n mec\u00e1nica. La menor continuar\u00e1 con medidas de confort y bajo tratamiento m\u00e9dico, sin embargo el pron\u00f3stico de salud sigue siendo grave\u201d, inform\u00f3 la instituci\u00f3n.<\/p>\n\n\n\n<p>Un tercer menor de edad se encuentra estable y podr\u00eda ser dado de alta m\u00e9dica en breve.<\/p>\n\n\n\n<p>Sin embargo, la tragedia se pudo evitar: de acuerdo con los familiares, los tres menores fueron mordidos por murci\u00e9lagos en su vivienda, cuando dorm\u00edan, desde el pasado 1 de diciembre.<\/p>\n\n\n\n<p>Tras presentar s\u00edntomas severos, entre ellos diarrea y v\u00f3mitos, fueron llevados al Hospital de la Paz, ubicado entre Texmelucan y Santo Domingo Teojomulco, donde ingresaron el 6 de diciembre.&nbsp;<\/p>\n\n\n\n<p>Pero a falta de equipo m\u00e9dico adecuado as\u00ed como medicamentos, fueron enviados al hospital de San Pablo Huixtepec, dependiente de los Servicios de Salud.&nbsp;<\/p>\n\n\n\n<p>Ah\u00ed les informaron la misma situaci\u00f3n y no fue sino hace una semana en que fueron ingresados al Hospital Civil \u201cDr. Aurelio Valdivieso\u201d de la ciudad de Oaxaca, pero ya en situaci\u00f3n grave; el ni\u00f1o y la ni\u00f1a ya presentaban t\u00e9cnicamente muerte cerebral.<\/p>\n\n\n\n<p>El pasado martes, en conferencia de prensa, se le pregunt\u00f3 a la titular de los SSO, Alma Lilia Velasco, si considerar\u00eda negligencia m\u00e9dica; sin embargo, evit\u00f3 detallar si indagar\u00edan el caso.<\/p>\n\n\n\n<p>Esta tarde, la dependencia puntualiz\u00f3 que a\u00fan se est\u00e1 en espera de los resultados de laboratorio de los pacientes por parte del Instituto de Diagn\u00f3stico y Referencia Epidemiol\u00f3gicos (Indre), para confirmar el tipo de enfermedad.<\/p>\n\n\n\n<p>Familiares dieron a conocer recientemente que denunciar\u00e1n una probable negligencia m\u00e9dica, por la tardanza en la atenci\u00f3n y falta de medicamentos adecuados, desde el inicio de la hospitalizaci\u00f3n.<\/p>\n\n\n\n<figure class=\"wp-block-embed is-type-rich is-provider-twitter wp-block-embed-twitter\"><div class=\"wp-block-embed__wrapper\">\n<div class=\"twitter-tweet\"><blockquote class=\"twitter-tweet\" data-lang=\"es\"><p lang=\"es\" dir=\"ltr\"><a href=\"https:\/\/twitter.com\/hashtag\/%C3%9AltimoMinuto?src=hash&amp;ref_src=twsrc%5Etfw\">#\u00daltimoMinuto<\/a><br>Los <a href=\"https:\/\/twitter.com\/SSO_GobOax?ref_src=twsrc%5Etfw\">@SSO_GobOax<\/a> del <a href=\"https:\/\/twitter.com\/GobOax?ref_src=twsrc%5Etfw\">@goboax<\/a> informa del deceso de uno de los pacientes de San Lorenzo Texmelucan, con rabia silvestre. <br>Se trata del ni\u00f1o de siete a\u00f1os de edad; la menor de ocho a\u00f1os sigue grave de salud, en el Hospital Civil \u201cDr. Aurelio Valdivieso\u201d. <a href=\"https:\/\/t.co\/fPciDZrEm9\">pic.twitter.com\/fPciDZrEm9<\/a><\/p>&mdash; Zona Roja Oaxaca (@ZonaRoja_Oaxaca) <a href=\"https:\/\/twitter.com\/ZonaRoja_Oaxaca\/status\/1608252293283028993?ref_src=twsrc%5Etfw\">29 de diciembre de 2022<\/a><\/blockquote><\/div>\n<\/div><\/figure>\n","protected":false},"excerpt":{"rendered":"<p>Ismael Garc\u00eda M.\/Zona Roja. Oaxaca de Ju\u00e1rez, Oax., 28 de diciembre de 2022.- Uno de&hellip;<\/p>\n","protected":false},"author":2,"featured_media":49700,"comment_status":"closed","ping_status":"open","sticky":false,"template":"","format":"standard","meta":{"_lmt_disableupdate":"","_lmt_disable":"","_jetpack_memberships_contains_paid_content":false,"footnotes":""},"categories":[109,47],"tags":[2292],"class_list":["post-49795","post","type-post","status-publish","format-standard","has-post-thumbnail","hentry","category-minuto-a-minuto","category-zona-gris","tag-san-lorenzo-texmelucan"],"jetpack_featured_media_url":"https:\/\/zonaroja.com.mx\/wp-content\/uploads\/2022\/12\/Pacientes-hospital.jpeg","jetpack_sharing_enabled":true,"_links":{"self":[{"href":"https:\/\/zonaroja.com.mx\/index.php?rest_route=\/wp\/v2\/posts\/49795","targetHints":{"allow":["GET"]}}],"collection":[{"href":"https:\/\/zonaroja.com.mx\/index.php?rest_route=\/wp\/v2\/posts"}],"about":[{"href":"https:\/\/zonaroja.com.mx\/index.php?rest_route=\/wp\/v2\/types\/post"}],"author":[{"embeddable":true,"href":"https:\/\/zonaroja.com.mx\/index.php?rest_route=\/wp\/v2\/users\/2"}],"replies":[{"embeddable":true,"href":"https:\/\/zonaroja.com.mx\/index.php?rest_route=%2Fwp%2Fv2%2Fcomments&post=49795"}],"version-history":[{"count":1,"href":"https:\/\/zonaroja.com.mx\/index.php?rest_route=\/wp\/v2\/posts\/49795\/revisions"}],"predecessor-version":[{"id":49796,"href":"https:\/\/zonaroja.com.mx\/index.php?rest_route=\/wp\/v2\/posts\/49795\/revisions\/49796"}],"wp:featuredmedia":[{"embeddable":true,"href":"https:\/\/zonaroja.com.mx\/index.php?rest_route=\/wp\/v2\/media\/49700"}],"wp:attachment":[{"href":"https:\/\/zonaroja.com.mx\/index.php?rest_route=%2Fwp%2Fv2%2Fmedia&parent=49795"}],"wp:term":[{"taxonomy":"category","embeddable":true,"href":"https:\/\/zonaroja.com.mx\/index.php?rest_route=%2Fwp%2Fv2%2Fcategories&post=49795"},{"taxonomy":"post_tag","embeddable":true,"href":"https:\/\/zonaroja.com.mx\/index.php?rest_route=%2Fwp%2Fv2%2Ftags&post=49795"}],"curies":[{"name":"wp","href":"https:\/\/api.w.org\/{rel}","templated":true}]}}