{"id":49802,"date":"2022-12-29T09:41:00","date_gmt":"2022-12-29T15:41:00","guid":{"rendered":"http:\/\/www.zonaroja.com.mx\/?p=49802"},"modified":"2022-12-29T07:42:57","modified_gmt":"2022-12-29T13:42:57","slug":"edil-perredista-de-huautla-cometio-violencia-politica-contra-dos-concejales","status":"publish","type":"post","link":"https:\/\/zonaroja.com.mx\/?p=49802","title":{"rendered":"Edil perredista de Huautla cometi\u00f3 violencia pol\u00edtica contra dos concejales"},"content":{"rendered":"\n<p>Redacci\u00f3n\/Zona Roja.<\/p>\n\n\n\n<p>Oaxaca de Ju\u00e1rez, Oax., a 28 de diciembre de 2022.- El presidente municipal de Huautla de Jim\u00e9nez, el perredista David Garc\u00eda Mart\u00ednez, cometi\u00f3 violencia pol\u00edtica por raz\u00f3n de g\u00e9nero, conform\u00f3 el Tribunal Electoral del Estado de Oaxaca (TEEO).<\/p>\n\n\n\n<p>En un comunicado, detall\u00f3 que fue en contra de dos concejalas de ese ayuntamiento, a quienes ha obstaculizado su labor e incluso sustituy\u00f3 la representaci\u00f3n que les correspond\u00eda.<\/p>\n\n\n\n<p>En la resoluci\u00f3n de los juicios ciudadanos con clave JDC\/719\/2022 y su acumulado JDC\/720\/2022, aprobada ayer por unanimidad, el pleno del \u00f3rgano declar\u00f3 fundados los agravios hechos valer, ya que constat\u00f3 que el presidente municipal ha sido omiso en convocar a las actoras a las sesiones de cabildo en t\u00e9rminos de la Ley Org\u00e1nica Municipal.<\/p>\n\n\n\n<p>Adem\u00e1s, expuso, que, de manera indebida, el edil modific\u00f3 la integraci\u00f3n del ayuntamiento en perjuicio de las concejalas, dado que, en la sesi\u00f3n de Cabildo de 1 de enero pasado, no respet\u00f3 el orden de prelaci\u00f3n en la designaci\u00f3n de la sindicaturas y regidur\u00edas.<\/p>\n\n\n\n<p>El Tribunal se\u00f1al\u00f3 que todos esos actos y omisiones, adem\u00e1s de generar obstrucci\u00f3n al ejercicio de los cargos, generaron violencia pol\u00edtica en raz\u00f3n de g\u00e9nero, conforme a los cinco elementos contemplados en la jurisprudencia 21\/2018 de la Sala Superior del Tribunal Electoral del Poder Judicial de la Federaci\u00f3n. En consecuencia, dict\u00f3 medidas de reparaci\u00f3n integral.&nbsp;<\/p>\n","protected":false},"excerpt":{"rendered":"<p>Redacci\u00f3n\/Zona Roja. Oaxaca de Ju\u00e1rez, Oax., a 28 de diciembre de 2022.- El presidente municipal&hellip;<\/p>\n","protected":false},"author":2,"featured_media":49793,"comment_status":"closed","ping_status":"open","sticky":false,"template":"","format":"standard","meta":{"_lmt_disableupdate":"","_lmt_disable":"","_jetpack_memberships_contains_paid_content":false,"footnotes":""},"categories":[109,47],"tags":[203,2235],"class_list":["post-49802","post","type-post","status-publish","format-standard","has-post-thumbnail","hentry","category-minuto-a-minuto","category-zona-gris","tag-huautla-de-jimenez","tag-tribunal-electoral-del-estado-de-oaxaca-teeo"],"jetpack_featured_media_url":"https:\/\/zonaroja.com.mx\/wp-content\/uploads\/2022\/12\/David-Garcia-Martinez-Huautla-.jpeg","jetpack_sharing_enabled":true,"_links":{"self":[{"href":"https:\/\/zonaroja.com.mx\/index.php?rest_route=\/wp\/v2\/posts\/49802","targetHints":{"allow":["GET"]}}],"collection":[{"href":"https:\/\/zonaroja.com.mx\/index.php?rest_route=\/wp\/v2\/posts"}],"about":[{"href":"https:\/\/zonaroja.com.mx\/index.php?rest_route=\/wp\/v2\/types\/post"}],"author":[{"embeddable":true,"href":"https:\/\/zonaroja.com.mx\/index.php?rest_route=\/wp\/v2\/users\/2"}],"replies":[{"embeddable":true,"href":"https:\/\/zonaroja.com.mx\/index.php?rest_route=%2Fwp%2Fv2%2Fcomments&post=49802"}],"version-history":[{"count":1,"href":"https:\/\/zonaroja.com.mx\/index.php?rest_route=\/wp\/v2\/posts\/49802\/revisions"}],"predecessor-version":[{"id":49803,"href":"https:\/\/zonaroja.com.mx\/index.php?rest_route=\/wp\/v2\/posts\/49802\/revisions\/49803"}],"wp:featuredmedia":[{"embeddable":true,"href":"https:\/\/zonaroja.com.mx\/index.php?rest_route=\/wp\/v2\/media\/49793"}],"wp:attachment":[{"href":"https:\/\/zonaroja.com.mx\/index.php?rest_route=%2Fwp%2Fv2%2Fmedia&parent=49802"}],"wp:term":[{"taxonomy":"category","embeddable":true,"href":"https:\/\/zonaroja.com.mx\/index.php?rest_route=%2Fwp%2Fv2%2Fcategories&post=49802"},{"taxonomy":"post_tag","embeddable":true,"href":"https:\/\/zonaroja.com.mx\/index.php?rest_route=%2Fwp%2Fv2%2Ftags&post=49802"}],"curies":[{"name":"wp","href":"https:\/\/api.w.org\/{rel}","templated":true}]}}