{"id":49807,"date":"2022-12-29T07:42:07","date_gmt":"2022-12-29T13:42:07","guid":{"rendered":"http:\/\/www.zonaroja.com.mx\/?p=49807"},"modified":"2022-12-29T07:42:08","modified_gmt":"2022-12-29T13:42:08","slug":"suma-esfuerzos-el-poder-judicial-en-acciones-contra-la-violencia-de-genero","status":"publish","type":"post","link":"https:\/\/zonaroja.com.mx\/?p=49807","title":{"rendered":"Suma esfuerzos el Poder Judicial en acciones contra la violencia de g\u00e9nero"},"content":{"rendered":"\n<p>Redacci\u00f3n\/Zona Roja.<\/p>\n\n\n\n<p>Oaxaca de Ju\u00e1rez, Oax., a 29 de diciembre de 2022.- Dentro de la agenda del trabajo conjunto&nbsp;y lazos de colaboraci\u00f3n con instituciones&nbsp;estatales y federales, el Poder Judicial de Oaxaca estuvo presente en&nbsp;la \u201cJornada de Paz y Justicia para Mujeres, Adolescentes y Ni\u00f1as,&nbsp;organizada&nbsp;por el Gobierno del Estado con la participaci\u00f3n de diferentes secretar\u00edas y organismos gubernamentales.<\/p>\n\n\n\n<p>En la inauguraci\u00f3n de estas actividades que tuvieron como sede la agencia de San Mart\u00edn&nbsp;Mexic\u00e1pam, en el municipio de Oaxaca de Ju\u00e1rez, acompa\u00f1\u00f3 al&nbsp;gobernador Salom\u00f3n Jara Cruz y a la presidenta&nbsp;honoraria del Sistema&nbsp;Estatal&nbsp;para el Desarrollo Integral de la Familia (DIF), Irma Bola\u00f1os Quijano, el&nbsp;magistrado presidente&nbsp;Eduardo Pinacho S\u00e1nchez, quien destac\u00f3 la importancia de acercar los servicios de justicia a los grupos en situaci\u00f3n de vulnerabilidad en la entidad.<\/p>\n\n\n\n<p>\u201cEstas acciones&nbsp;son&nbsp;fundamentales&nbsp;porque&nbsp;se&nbsp;va gestando&nbsp;una cultura de respeto&nbsp;y de protecci\u00f3n a importantes derechos como los de ni\u00f1as, ni\u00f1os, adolescentes&nbsp;y mujeres;&nbsp;en t\u00e9rminos generales de grupos vulnerables.&nbsp;Es indispensable que se conozcan los derechos para poder ejercerlos\u201d, puntualiz\u00f3.&nbsp;<\/p>\n\n\n\n<p>El presidente del Tribunal Superior de Justicia y del Consejo de la Judicatura coment\u00f3 que tambi\u00e9n&nbsp;resulta&nbsp;esencial&nbsp;acercar las instituciones a la sociedad, a las colonias y comunidades para conocer de propia voz de las personas la problem\u00e1tica que atraviesan; por lo que exhort\u00f3 a&nbsp;la ciudadan\u00eda&nbsp;en general, en especial a las mujeres, acudir para recibir el apoyo que requieran.&nbsp;<\/p>\n\n\n\n<p>En la&nbsp;\u00abJornada de Paz y Justicia para Mujeres, Adolescentes y Ni\u00f1as\u00bb, el Poder Judicial del Estado, a trav\u00e9s de la Direcci\u00f3n de Derechos Humanos instal\u00f3 un m\u00f3dulo de atenci\u00f3n y orientaci\u00f3n, as\u00ed como de recepci\u00f3n de&nbsp;quejas sobre la labor de servidores judiciales con el objetivo de&nbsp;darle el tr\u00e1mite correspondiente.<\/p>\n\n\n\n<p>Cabe se\u00f1alar que en el a\u00f1o que est\u00e1 por concluir, esa \u00e1rea dependiente del Consejo de la Judicatura atendi\u00f3 como parte de su funci\u00f3n&nbsp;120 quejas, 93&nbsp;colaboraciones,&nbsp;15 propuestas de conciliaci\u00f3n y&nbsp;dio seguimiento a dos recomendaciones emitidas&nbsp;por la Defensor\u00eda de los Derechos Humanos del Pueblo de Oaxaca.<\/p>\n","protected":false},"excerpt":{"rendered":"<p>Redacci\u00f3n\/Zona Roja. Oaxaca de Ju\u00e1rez, Oax., a 29 de diciembre de 2022.- Dentro de la&hellip;<\/p>\n","protected":false},"author":2,"featured_media":49808,"comment_status":"closed","ping_status":"open","sticky":false,"template":"","format":"standard","meta":{"_lmt_disableupdate":"","_lmt_disable":"","_jetpack_memberships_contains_paid_content":false,"footnotes":""},"categories":[109,46],"tags":[223],"class_list":["post-49807","post","type-post","status-publish","format-standard","has-post-thumbnail","hentry","category-minuto-a-minuto","category-zona-blanca","tag-poder-judicial-de-oaxaca"],"jetpack_featured_media_url":"https:\/\/zonaroja.com.mx\/wp-content\/uploads\/2022\/12\/Poder-Judicial-jornada-contra-violencia.jpeg","jetpack_sharing_enabled":true,"_links":{"self":[{"href":"https:\/\/zonaroja.com.mx\/index.php?rest_route=\/wp\/v2\/posts\/49807","targetHints":{"allow":["GET"]}}],"collection":[{"href":"https:\/\/zonaroja.com.mx\/index.php?rest_route=\/wp\/v2\/posts"}],"about":[{"href":"https:\/\/zonaroja.com.mx\/index.php?rest_route=\/wp\/v2\/types\/post"}],"author":[{"embeddable":true,"href":"https:\/\/zonaroja.com.mx\/index.php?rest_route=\/wp\/v2\/users\/2"}],"replies":[{"embeddable":true,"href":"https:\/\/zonaroja.com.mx\/index.php?rest_route=%2Fwp%2Fv2%2Fcomments&post=49807"}],"version-history":[{"count":1,"href":"https:\/\/zonaroja.com.mx\/index.php?rest_route=\/wp\/v2\/posts\/49807\/revisions"}],"predecessor-version":[{"id":49809,"href":"https:\/\/zonaroja.com.mx\/index.php?rest_route=\/wp\/v2\/posts\/49807\/revisions\/49809"}],"wp:featuredmedia":[{"embeddable":true,"href":"https:\/\/zonaroja.com.mx\/index.php?rest_route=\/wp\/v2\/media\/49808"}],"wp:attachment":[{"href":"https:\/\/zonaroja.com.mx\/index.php?rest_route=%2Fwp%2Fv2%2Fmedia&parent=49807"}],"wp:term":[{"taxonomy":"category","embeddable":true,"href":"https:\/\/zonaroja.com.mx\/index.php?rest_route=%2Fwp%2Fv2%2Fcategories&post=49807"},{"taxonomy":"post_tag","embeddable":true,"href":"https:\/\/zonaroja.com.mx\/index.php?rest_route=%2Fwp%2Fv2%2Ftags&post=49807"}],"curies":[{"name":"wp","href":"https:\/\/api.w.org\/{rel}","templated":true}]}}