{"id":49813,"date":"2022-12-29T10:54:00","date_gmt":"2022-12-29T16:54:00","guid":{"rendered":"http:\/\/www.zonaroja.com.mx\/?p=49813"},"modified":"2022-12-29T08:19:43","modified_gmt":"2022-12-29T14:19:43","slug":"siguen-retenidas-personas-entre-ellas-un-bebe-en-teojomulco-oaxaca","status":"publish","type":"post","link":"https:\/\/zonaroja.com.mx\/?p=49813","title":{"rendered":"Siguen retenidas personas, entre ellas un beb\u00e9, en Teojomulco, Oaxaca"},"content":{"rendered":"\n<p>Redacci\u00f3n\/Zona Roja.<\/p>\n\n\n\n<p>Oaxaca de Ju\u00e1rez, Oax., a 29 de diciembre de 2022.- Pese a las denuncias p\u00fablicas y a la intervenci\u00f3n de organismos de derechos humanos, un grupo de personas, entre ellas un beb\u00e9, contin\u00faan retenidas ilegalmente desde hace siete meses por autoridades de Santo Domingo Teojomulco, municipio de la regi\u00f3n Sierra Sur de Oaxaca.<\/p>\n\n\n\n<p>En un comunicado, Defensor\u00eda de los Derechos Humanos del Pueblo de Oaxaca (DDHPO), se\u00f1al\u00f3 que desde que tuvo conocimiento de la detenci\u00f3n de dos personas en Santo Domingo Teojomulco (en octubre de 2022), quienes fueron sancionadas por un presunto desv\u00edo de recursos de la gasolinera comunitaria, la dict\u00f3 medidas cautelares.<\/p>\n\n\n\n<p>Apunt\u00f3 que, a trav\u00e9s del expediente DDHPO\/1609\/(20)\/OAX\/2022 solicit\u00f3 a la Fiscal\u00eda General de Justicia del Estado, iniciar una carpeta de investigaci\u00f3n por privaci\u00f3n de la libertad; adem\u00e1s de solicitar a la entonces Secretar\u00eda General de Gobierno (Segego), llevar a cabo mesas de negociaci\u00f3n, as\u00ed como mediaci\u00f3n para lograr salidas alternas al presente conflicto.<\/p>\n\n\n\n<p>La instituci\u00f3n tambi\u00e9n requiri\u00f3 al municipio de Teojomulco que rindiera un informe sobre los hechos que se les atribuyen, adem\u00e1s de abstenerse de causar actos violatorios a los derechos humanos contra las dos personas detenidas, as\u00ed como a sus familiares.<\/p>\n\n\n\n<p>De igual forma, la DDHPO se\u00f1al\u00f3 que desafortunadamente, al igual que en Teojomulco, existen otros municipios al interior del estado que, amparados en un incorrecto uso de la jurisdicci\u00f3n ind\u00edgena han puesto en riesgo derechos de ni\u00f1as y ni\u00f1os, personas adultas mayores, personas con discapacidad y mujeres, raz\u00f3n por la cual se vuelve fundamental se\u00f1alar esos excesos.<\/p>\n\n\n\n<p>En un comunicado emitido anoche, puntualiz\u00f3:<\/p>\n\n\n\n<p>\u201cY es que, si bien es cierto que el Estado mexicano reconoce el derecho que tienen las autoridades de las comunidades ind\u00edgenas para desempe\u00f1ar funciones jurisdiccionales dentro de su territorio y de acuerdo a sus usos y costumbres, as\u00ed como con sus sistemas normativos, tambi\u00e9n lo es que, dicha jurisdicci\u00f3n tiene l\u00edmites constitucionales y convencionales\u201d.<\/p>\n\n\n\n<p>Consider\u00f3 que, los actos, hechos, sucesos, determinaciones o resoluciones producto de la jurisdicci\u00f3n ind\u00edgena no deben ser contrarios a las normas que protegen valores esenciales compartidos por la comunidad internacional.<\/p>\n\n\n\n<p>Indic\u00f3 que si bien respeta la facultad de que tiene la comunidad para resolver los conflictos dentro de su territorio, sus resoluciones deben ser cuidadosas de no violentar derechos de grupos de atenci\u00f3n prioritaria como lo son las ni\u00f1as, ni\u00f1os y las mujeres.<\/p>\n\n\n\n<p>En este sentido, reconoci\u00f3 que la jurisdicci\u00f3n ind\u00edgena debe evitar que, con sus resoluciones se fomenten pr\u00e1cticas que reproduzcan conductas violentas en contra de las mujeres de sus localidades, por lo cual los llam\u00f3 a buscar salidas alternas a este tipo de conflictos.<\/p>\n\n\n\n<p>De igual forma, el organismo aut\u00f3nomo se\u00f1al\u00f3 que si bien es un derecho de una madre privada de la libertad tener a su hijo\/a con ella, tambi\u00e9n lo es que ninguna prisi\u00f3n es un espacio digno para que las ni\u00f1as y ni\u00f1os puedan desarrollarse f\u00edsica, social y emocionalmente de forma adecuada.<\/p>\n\n\n\n<p>Por otra parte, esta instituci\u00f3n ha documentado que las c\u00e1rceles municipales son centros que carecen de condiciones de higiene, espacios adecuados, energ\u00eda el\u00e9ctrica, separaci\u00f3n entre hombres y mujeres, por lo que recientemente emiti\u00f3 una recomendaci\u00f3n general por defunciones en estos espacios.<\/p>\n\n\n\n<p>\u201cDe ah\u00ed la preocupaci\u00f3n de que personas en condiciones de atenci\u00f3n prioritaria se encuentren privadas de la libertad desde hace meses en la c\u00e1rcel de Teojomulco, lo cual pone un nuevo precedente de actos graves de violaciones a derechos humanos que se pueden registrar en los centros de detenci\u00f3n municipal.<\/p>\n\n\n\n<p>\u201cLa Defensor\u00eda sigue integrando su expediente de investigaci\u00f3n en relaci\u00f3n a este caso y se pronunciar\u00e1 pr\u00f3ximamente por las probables violaciones a derechos humanos cometidas\u201d.<\/p>\n","protected":false},"excerpt":{"rendered":"<p>Redacci\u00f3n\/Zona Roja. Oaxaca de Ju\u00e1rez, Oax., a 29 de diciembre de 2022.- Pese a las&hellip;<\/p>\n","protected":false},"author":2,"featured_media":47032,"comment_status":"closed","ping_status":"open","sticky":false,"template":"","format":"standard","meta":{"_lmt_disableupdate":"","_lmt_disable":"","_jetpack_memberships_contains_paid_content":false,"footnotes":""},"categories":[109,47],"tags":[3284],"class_list":["post-49813","post","type-post","status-publish","format-standard","has-post-thumbnail","hentry","category-minuto-a-minuto","category-zona-gris","tag-santo-domingo-teojomulco"],"jetpack_featured_media_url":"https:\/\/zonaroja.com.mx\/wp-content\/uploads\/2022\/10\/Santo-Domingo-Teojomulco-1.jpeg","jetpack_sharing_enabled":true,"_links":{"self":[{"href":"https:\/\/zonaroja.com.mx\/index.php?rest_route=\/wp\/v2\/posts\/49813","targetHints":{"allow":["GET"]}}],"collection":[{"href":"https:\/\/zonaroja.com.mx\/index.php?rest_route=\/wp\/v2\/posts"}],"about":[{"href":"https:\/\/zonaroja.com.mx\/index.php?rest_route=\/wp\/v2\/types\/post"}],"author":[{"embeddable":true,"href":"https:\/\/zonaroja.com.mx\/index.php?rest_route=\/wp\/v2\/users\/2"}],"replies":[{"embeddable":true,"href":"https:\/\/zonaroja.com.mx\/index.php?rest_route=%2Fwp%2Fv2%2Fcomments&post=49813"}],"version-history":[{"count":1,"href":"https:\/\/zonaroja.com.mx\/index.php?rest_route=\/wp\/v2\/posts\/49813\/revisions"}],"predecessor-version":[{"id":49814,"href":"https:\/\/zonaroja.com.mx\/index.php?rest_route=\/wp\/v2\/posts\/49813\/revisions\/49814"}],"wp:featuredmedia":[{"embeddable":true,"href":"https:\/\/zonaroja.com.mx\/index.php?rest_route=\/wp\/v2\/media\/47032"}],"wp:attachment":[{"href":"https:\/\/zonaroja.com.mx\/index.php?rest_route=%2Fwp%2Fv2%2Fmedia&parent=49813"}],"wp:term":[{"taxonomy":"category","embeddable":true,"href":"https:\/\/zonaroja.com.mx\/index.php?rest_route=%2Fwp%2Fv2%2Fcategories&post=49813"},{"taxonomy":"post_tag","embeddable":true,"href":"https:\/\/zonaroja.com.mx\/index.php?rest_route=%2Fwp%2Fv2%2Ftags&post=49813"}],"curies":[{"name":"wp","href":"https:\/\/api.w.org\/{rel}","templated":true}]}}