{"id":49815,"date":"2022-12-29T11:21:00","date_gmt":"2022-12-29T17:21:00","guid":{"rendered":"http:\/\/www.zonaroja.com.mx\/?p=49815"},"modified":"2022-12-29T08:25:33","modified_gmt":"2022-12-29T14:25:33","slug":"gobierno-de-salomon-jara-sigue-con-la-contratacion-de-foraneos-ahora-en-seculta","status":"publish","type":"post","link":"https:\/\/zonaroja.com.mx\/?p=49815","title":{"rendered":"Gobierno de Salom\u00f3n Jara sigue con la contrataci\u00f3n de for\u00e1neos, ahora en Seculta"},"content":{"rendered":"\n<p>Redacci\u00f3n\/Informativo 570.<\/p>\n\n\n\n<p>Oaxaca de Ju\u00e1rez, Oax., a 29 de diciembre de 2022.- El gobernador de Oaxaca, Salom\u00f3n Jara Cruz, sigue contradiciendo su discurso y mantiene la contrataci\u00f3n de personas ajenas al estado.<\/p>\n\n\n\n<p>Ahora fue en la Secretar\u00eda de las Culturas y las Artes (Seculta), que preside el juchiteco V\u00edctor Cata, donde fue colocada Valeria Sumano Ram\u00edrez, originaria de la Ciudad de M\u00e9xico y sobrina del vocero presidencial, Jes\u00fas Ram\u00edrez Cuevas.<\/p>\n\n\n\n<p>La administraci\u00f3n de Jara Cruz se ha convertido en menos de un mes, en lo que tanto ha criticado de los gobiernos anteriores.&nbsp;<\/p>\n\n\n\n<p>No solo no ha cumplido en lo de tener \u00fanicamente funcionarios oaxaque\u00f1os, sino que ha dejado que se convierta en una agencia de colocaciones para sus familiares y amigos.<\/p>\n\n\n\n<p>Esta vez, el favor es para la sobrina del vocero de Andr\u00e9s Manuel L\u00f3pez Obrador, Jes\u00fas Ram\u00edrez Cuevas, quien vali\u00e9ndose del cargo, incrust\u00f3 en el Gobierno de Oaxaca a su sobrina, Valeria Sumano Ram\u00edrez, como Subsecretaria de Planeaci\u00f3n Estrat\u00e9gica de la Secretar\u00eda de las Culturas y Artes de Oaxaca (Seculta).<\/p>\n\n\n\n<p>Sin la experiencia necesaria, ya que en su empleo anterior, como \u201casesor legislativo\u201d en la C\u00e1mara de Senadores, donde su t\u00edo la puso con Olga S\u00e1nchez Cordero, su labor era tomar fotos y videos para difundir en los medios de comunicaci\u00f3n y redes sociales.<\/p>\n\n\n\n<p>Personal de la Seculta que tiene muchos a\u00f1os de trabajo en la instituci\u00f3n y que tiene en la mano el manejo correcto de la misma, lament\u00f3 que no sea tomada en cuenta para estos puestos claves y prefieran traer a gente inexperta de otros estados, solo para pagar favores y llenarles las bolsas de dinero que se llevan a otras partes.<\/p>\n\n\n\n<p>Trabajadores de la dependencia ya empiezan a quejarse del trato d\u00e9spota y poco amable de Valeria Sumano, que piensa como muchos otros de la actual administraci\u00f3n, que vienen a ense\u00f1arles a los oaxaque\u00f1os c\u00f3mo trabajar, aunque ellos en su vida hayan hecho algo productivo.<\/p>\n","protected":false},"excerpt":{"rendered":"<p>Redacci\u00f3n\/Informativo 570. Oaxaca de Ju\u00e1rez, Oax., a 29 de diciembre de 2022.- El gobernador de&hellip;<\/p>\n","protected":false},"author":2,"featured_media":49816,"comment_status":"closed","ping_status":"open","sticky":false,"template":"","format":"standard","meta":{"_lmt_disableupdate":"","_lmt_disable":"","_jetpack_memberships_contains_paid_content":false,"footnotes":""},"categories":[109,47],"tags":[3368],"class_list":["post-49815","post","type-post","status-publish","format-standard","has-post-thumbnail","hentry","category-minuto-a-minuto","category-zona-gris","tag-secretaria-de-las-culturas-seculta"],"jetpack_featured_media_url":"https:\/\/zonaroja.com.mx\/wp-content\/uploads\/2022\/12\/Sobrina-de-Jesus-Ramirez-Cuevas-Seculta.jpg","jetpack_sharing_enabled":true,"_links":{"self":[{"href":"https:\/\/zonaroja.com.mx\/index.php?rest_route=\/wp\/v2\/posts\/49815","targetHints":{"allow":["GET"]}}],"collection":[{"href":"https:\/\/zonaroja.com.mx\/index.php?rest_route=\/wp\/v2\/posts"}],"about":[{"href":"https:\/\/zonaroja.com.mx\/index.php?rest_route=\/wp\/v2\/types\/post"}],"author":[{"embeddable":true,"href":"https:\/\/zonaroja.com.mx\/index.php?rest_route=\/wp\/v2\/users\/2"}],"replies":[{"embeddable":true,"href":"https:\/\/zonaroja.com.mx\/index.php?rest_route=%2Fwp%2Fv2%2Fcomments&post=49815"}],"version-history":[{"count":1,"href":"https:\/\/zonaroja.com.mx\/index.php?rest_route=\/wp\/v2\/posts\/49815\/revisions"}],"predecessor-version":[{"id":49817,"href":"https:\/\/zonaroja.com.mx\/index.php?rest_route=\/wp\/v2\/posts\/49815\/revisions\/49817"}],"wp:featuredmedia":[{"embeddable":true,"href":"https:\/\/zonaroja.com.mx\/index.php?rest_route=\/wp\/v2\/media\/49816"}],"wp:attachment":[{"href":"https:\/\/zonaroja.com.mx\/index.php?rest_route=%2Fwp%2Fv2%2Fmedia&parent=49815"}],"wp:term":[{"taxonomy":"category","embeddable":true,"href":"https:\/\/zonaroja.com.mx\/index.php?rest_route=%2Fwp%2Fv2%2Fcategories&post=49815"},{"taxonomy":"post_tag","embeddable":true,"href":"https:\/\/zonaroja.com.mx\/index.php?rest_route=%2Fwp%2Fv2%2Ftags&post=49815"}],"curies":[{"name":"wp","href":"https:\/\/api.w.org\/{rel}","templated":true}]}}