{"id":49818,"date":"2022-12-29T11:59:00","date_gmt":"2022-12-29T17:59:00","guid":{"rendered":"http:\/\/www.zonaroja.com.mx\/?p=49818"},"modified":"2022-12-29T08:29:30","modified_gmt":"2022-12-29T14:29:30","slug":"desempleo-descendio-a-2-85-en-noviembre-su-nivel-mas-bajo-en-15-anos","status":"publish","type":"post","link":"https:\/\/zonaroja.com.mx\/?p=49818","title":{"rendered":"Desempleo descendi\u00f3 a 2.85% en noviembre, su nivel m\u00e1s bajo en 15 a\u00f1os"},"content":{"rendered":"\n<p>&nbsp;Redacci\u00f3n\/Zona Roja Cdmx.<\/p>\n\n\n\n<p>Ciudad de M\u00e9xico, a 29 de diciembre de 2022.- En noviembre la tasa de desocupaci\u00f3n tuvo una reducci\u00f3n mensual de 0.5 puntos y con ello baj\u00f3 a 2.85% de la Poblaci\u00f3n Econ\u00f3micamente Activa (PEA), de acuerdo con la Encuesta Nacional de Ocupaci\u00f3n y Empleo (ENOE). Con esta disminuci\u00f3n, el desempleo lleg\u00f3 a su nivel m\u00e1s bajo en 15 a\u00f1os.<\/p>\n\n\n\n<p>La baja en los niveles de desempleo se explica por la salida de 268,806 personas de esta condici\u00f3n y un crecimiento en la poblaci\u00f3n ocupada. \u201cEl mercado laboral se encuentra en uno de sus mejores momentos de la historia econ\u00f3mica reciente\u201d, opina Marcos Daniel Arias Novelo, analista econ\u00f3mico de Monex.<\/p>\n\n\n\n<p>La tasa de desocupaci\u00f3n abarca a las personas que no tienen empleo, pero manifiestan estar en b\u00fasqueda activa de una oportunidad laboral. Entre junio y septiembre del 2020 este indicador se mantuvo por arriba del 5% de la PEA, en buena medida como respuesta a una mayor demanda de trabajo. Fue hasta el \u00faltimo trimestre del 2021 cuando el desempleo comenz\u00f3 a estabilizarse en sus cifras promedio.<\/p>\n\n\n\n<p>\u201cEsta din\u00e1mica, en la que fueron m\u00e1s los nuevos empleos que las nuevas personas que se integraron al mercado laboral, provoc\u00f3 una ca\u00edda significativa de la tasa de desempleo: desde 3.30% hasta 2.85% con cifras originales y desde 3.20% hasta 3.00% con cifras desestacionalizadas. En cualquiera de los casos, la tasa se ubica en sus niveles m\u00e1s bajos de los \u00faltimos 16 a\u00f1os, lo que sin duda es uno de los resultados destacados del a\u00f1o, pero a la vez representar\u00e1 un reto para el combate a la elevada inflaci\u00f3n que estamos viviendo\u201d, expone Marcos Daniel Arias.<\/p>\n\n\n\n<p>Al sumar a los \u201cdisponibles\u201d de la Poblaci\u00f3n No Econ\u00f3micamente Activa (PNEA) -desempleados que no buscan trabajo, pero lo aceptar\u00edan si se los ofrecen- se obtiene la tasa de desempleo extendida y en noviembre tambi\u00e9n tuvo una reducci\u00f3n con la cual se ubic\u00f3 en 10.8%, lo que representa su nivel m\u00e1s bajo desde que se tiene registro.<\/p>\n\n\n\n<p>En el polo de creaci\u00f3n de puestos de trabajo, en el pen\u00faltimo mes del 2022 el mercado laboral sum\u00f3 a 444,035 personas a la poblaci\u00f3n ocupada. Los movimientos de incorporaci\u00f3n de personas a una ocupaci\u00f3n y la baja en el desempleo, llevaron a la Poblaci\u00f3n Econ\u00f3micamente Activa (PEA) a un total de 60.5 millones de personas.<\/p>\n\n\n\n<p>Como resultado de esto, la tasa de participaci\u00f3n mantuvo su crecimiento y lleg\u00f3 a 60.8% de la poblaci\u00f3n total en edad de trabajar. Esta cifra representa su nivel m\u00e1s alto en los \u00faltimos 7 a\u00f1os.<\/p>\n\n\n\n<p>El 72% del crecimiento de los niveles de ocupaci\u00f3n estuvo impulsado por la formalidad, en el mes anterior, los empleos formales tambi\u00e9n empujaron m\u00e1s del 50% de la creaci\u00f3n de puestos de trabajo. Por otra parte, a pesar de que la informalidad incorpor\u00f3 poco m\u00e1s de 120,000 personas, la tasa de trabajo informal tuvo una ligera reducci\u00f3n mensual con la cual se ubic\u00f3 en 55.2 por ciento.<\/p>\n\n\n\n<p>Por sectores econ\u00f3micos, las ganancias se concentraron en las actividades de servicio que aportaron en conjunto 428,207 puestos de trabajo. Los subsectores con m\u00e1s crecimiento fueron los servicios profesionales y sociales. En el mes pasado, la estacionalidad no se reflej\u00f3 en la creaci\u00f3n de empleo ya que las actividades en comercio y restaurantes reportaron p\u00e9rdidas.<\/p>\n\n\n\n<p>(Informaci\u00f3n de \u201cEl Economista\u201d)<\/p>\n","protected":false},"excerpt":{"rendered":"<p>&nbsp;Redacci\u00f3n\/Zona Roja Cdmx. Ciudad de M\u00e9xico, a 29 de diciembre de 2022.- En noviembre la&hellip;<\/p>\n","protected":false},"author":2,"featured_media":48685,"comment_status":"closed","ping_status":"open","sticky":false,"template":"","format":"standard","meta":{"_lmt_disableupdate":"","_lmt_disable":"","_jetpack_memberships_contains_paid_content":false,"footnotes":""},"categories":[109,47],"tags":[2339],"class_list":["post-49818","post","type-post","status-publish","format-standard","has-post-thumbnail","hentry","category-minuto-a-minuto","category-zona-gris","tag-perdida-de-empleos-en-mexico"],"jetpack_featured_media_url":"https:\/\/zonaroja.com.mx\/wp-content\/uploads\/2022\/11\/Ocupacion-laboral-empleo.jpeg","jetpack_sharing_enabled":true,"_links":{"self":[{"href":"https:\/\/zonaroja.com.mx\/index.php?rest_route=\/wp\/v2\/posts\/49818","targetHints":{"allow":["GET"]}}],"collection":[{"href":"https:\/\/zonaroja.com.mx\/index.php?rest_route=\/wp\/v2\/posts"}],"about":[{"href":"https:\/\/zonaroja.com.mx\/index.php?rest_route=\/wp\/v2\/types\/post"}],"author":[{"embeddable":true,"href":"https:\/\/zonaroja.com.mx\/index.php?rest_route=\/wp\/v2\/users\/2"}],"replies":[{"embeddable":true,"href":"https:\/\/zonaroja.com.mx\/index.php?rest_route=%2Fwp%2Fv2%2Fcomments&post=49818"}],"version-history":[{"count":1,"href":"https:\/\/zonaroja.com.mx\/index.php?rest_route=\/wp\/v2\/posts\/49818\/revisions"}],"predecessor-version":[{"id":49819,"href":"https:\/\/zonaroja.com.mx\/index.php?rest_route=\/wp\/v2\/posts\/49818\/revisions\/49819"}],"wp:featuredmedia":[{"embeddable":true,"href":"https:\/\/zonaroja.com.mx\/index.php?rest_route=\/wp\/v2\/media\/48685"}],"wp:attachment":[{"href":"https:\/\/zonaroja.com.mx\/index.php?rest_route=%2Fwp%2Fv2%2Fmedia&parent=49818"}],"wp:term":[{"taxonomy":"category","embeddable":true,"href":"https:\/\/zonaroja.com.mx\/index.php?rest_route=%2Fwp%2Fv2%2Fcategories&post=49818"},{"taxonomy":"post_tag","embeddable":true,"href":"https:\/\/zonaroja.com.mx\/index.php?rest_route=%2Fwp%2Fv2%2Ftags&post=49818"}],"curies":[{"name":"wp","href":"https:\/\/api.w.org\/{rel}","templated":true}]}}