{"id":49824,"date":"2022-12-29T16:34:09","date_gmt":"2022-12-29T22:34:09","guid":{"rendered":"http:\/\/www.zonaroja.com.mx\/?p=49824"},"modified":"2022-12-29T16:34:13","modified_gmt":"2022-12-29T22:34:13","slug":"estrenando-ropa-ya-vacacionaba-en-huatulco-recapturan-a-ladron-de-tiendas-oxxo","status":"publish","type":"post","link":"https:\/\/zonaroja.com.mx\/?p=49824","title":{"rendered":"\u00a1Estrenando ropa ya vacacionaba en Huatulco! Recapturan a ladr\u00f3n de tiendas Oxxo"},"content":{"rendered":"\n<p>Redacci\u00f3n\/Zona Roja.<\/p>\n\n\n\n<p>Oaxaca de Ju\u00e1rez, Oax., 29 de diciembre de 2022.- Cuando ya se encontraba de vacaciones y con ropa nueva, en Bah\u00edas de Huatulco, fue recapitulado Alejandro D. L., acusado de robar m\u00e1s de una decena de tiendas Oxxo en Oaxaca y que ayer se le fug\u00f3 a polic\u00edas de investigaci\u00f3n.<\/p>\n\n\n\n<p>La Fiscal\u00eda General del Estado de Oaxaca (FGEO) confirm\u00f3 la reaprehensi\u00f3n&nbsp;<\/p>\n\n\n\n<p>De quien escap\u00f3 de la custodia policial el pasado 28 de diciembre de 2022, cuando lo conduc\u00edan a una audiencia virtual.<\/p>\n\n\n\n<p>En un comunicado, inform\u00f3 que Alejandro D. L. Fue localizado este jueves despu\u00e9s del mediod\u00eda en el Sector P de Huatulco, en la regi\u00f3n de la Costa.<\/p>\n\n\n\n<p>Indic\u00f3 que el operativo corri\u00f3 a cargo de la Vicefiscal\u00eda Regional de la Costa que coordin\u00f3 las labores con elementos de la Agencia Estatal de Investigaciones.<\/p>\n\n\n\n<p>Luego de la captura, A. D. L. ser\u00e1 puesto a disposici\u00f3n de las autoridades correspondientes para determinar su situaci\u00f3n jur\u00eddica en las pr\u00f3ximas horas y se retome el proceso judicial en su contra.<\/p>\n\n\n\n<p>Por su escape, la Fiscal\u00eda inform\u00f3 ayer que fueron detenidos dos elementos de la AEI, para indagar su probable participaci\u00f3n en la fuga. El individuo est\u00e1 acusado de asaltar al menos 10 tiendas Oxxo en la capital y la zona cobrada y ayer por la tarde presuntamente cometi\u00f3 otro asalto a esa tienda de conveniencia en la calzada Madero de la ciudad.<\/p>\n","protected":false},"excerpt":{"rendered":"<p>Redacci\u00f3n\/Zona Roja. Oaxaca de Ju\u00e1rez, Oax., 29 de diciembre de 2022.- Cuando ya se encontraba&hellip;<\/p>\n","protected":false},"author":2,"featured_media":49826,"comment_status":"closed","ping_status":"open","sticky":false,"template":"","format":"standard","meta":{"_lmt_disableupdate":"","_lmt_disable":"","_jetpack_memberships_contains_paid_content":false,"footnotes":""},"categories":[109,47],"tags":[494],"class_list":["post-49824","post","type-post","status-publish","format-standard","has-post-thumbnail","hentry","category-minuto-a-minuto","category-zona-gris","tag-fiscalia-general-del-estado-de-oaxaca"],"jetpack_featured_media_url":"https:\/\/zonaroja.com.mx\/wp-content\/uploads\/2022\/12\/Alejandro-D.-L.-ladron-Oxxo.jpg","jetpack_sharing_enabled":true,"_links":{"self":[{"href":"https:\/\/zonaroja.com.mx\/index.php?rest_route=\/wp\/v2\/posts\/49824","targetHints":{"allow":["GET"]}}],"collection":[{"href":"https:\/\/zonaroja.com.mx\/index.php?rest_route=\/wp\/v2\/posts"}],"about":[{"href":"https:\/\/zonaroja.com.mx\/index.php?rest_route=\/wp\/v2\/types\/post"}],"author":[{"embeddable":true,"href":"https:\/\/zonaroja.com.mx\/index.php?rest_route=\/wp\/v2\/users\/2"}],"replies":[{"embeddable":true,"href":"https:\/\/zonaroja.com.mx\/index.php?rest_route=%2Fwp%2Fv2%2Fcomments&post=49824"}],"version-history":[{"count":1,"href":"https:\/\/zonaroja.com.mx\/index.php?rest_route=\/wp\/v2\/posts\/49824\/revisions"}],"predecessor-version":[{"id":49827,"href":"https:\/\/zonaroja.com.mx\/index.php?rest_route=\/wp\/v2\/posts\/49824\/revisions\/49827"}],"wp:featuredmedia":[{"embeddable":true,"href":"https:\/\/zonaroja.com.mx\/index.php?rest_route=\/wp\/v2\/media\/49826"}],"wp:attachment":[{"href":"https:\/\/zonaroja.com.mx\/index.php?rest_route=%2Fwp%2Fv2%2Fmedia&parent=49824"}],"wp:term":[{"taxonomy":"category","embeddable":true,"href":"https:\/\/zonaroja.com.mx\/index.php?rest_route=%2Fwp%2Fv2%2Fcategories&post=49824"},{"taxonomy":"post_tag","embeddable":true,"href":"https:\/\/zonaroja.com.mx\/index.php?rest_route=%2Fwp%2Fv2%2Ftags&post=49824"}],"curies":[{"name":"wp","href":"https:\/\/api.w.org\/{rel}","templated":true}]}}