{"id":49828,"date":"2022-12-29T17:43:00","date_gmt":"2022-12-29T23:43:00","guid":{"rendered":"http:\/\/www.zonaroja.com.mx\/?p=49828"},"modified":"2022-12-29T17:00:25","modified_gmt":"2022-12-29T23:00:25","slug":"contribuye-el-ieepco-a-relevo-pacifico-de-autoridades-el-1-de-enero","status":"publish","type":"post","link":"https:\/\/zonaroja.com.mx\/?p=49828","title":{"rendered":"Contribuye el IEEPCO a relevo pac\u00edfico de autoridades el 1 de enero"},"content":{"rendered":"\n<p>Redacci\u00f3n\/Zona Roja.<\/p>\n\n\n\n<p>Oaxaca de Ju\u00e1rez, Oax., a 29 de diciembre de 2022.- Con miras a la toma de protesta de las autoridades electas en los municipios que se rigen por Sistemas Normativos Ind\u00edgenas, el pr\u00f3ximo 1 de enero, la consejera presidenta del Instituto Estatal Electoral y de Participaci\u00f3n Ciudadana de Oaxaca (IEEPCO), Elizabeth S\u00e1nchez Gonz\u00e1lez, encabez\u00f3 la \u00faltima mesa de seguridad y seguimiento de las asambleas electivas realizadas este 2022. &nbsp;<\/p>\n\n\n\n<p>En dicha reuni\u00f3n estuvieron presentes autoridades de la Secretar\u00eda de Gobernaci\u00f3n de Oaxaca, la Secretaria de Seguridad y Protecci\u00f3n Ciudadana, y el Centro Nacional de Inteligencia (CNI), adem\u00e1s de personal del \u00f3rgano electoral, particularmente de las \u00e1reas de Presidencia, la Direcci\u00f3n de Sistemas Normativos Ind\u00edgenas, y la Unidad T\u00e9cnica de Igualdad de G\u00e9nero y No Discriminaci\u00f3n. &nbsp;<\/p>\n\n\n\n<p>Durante la reuni\u00f3n, S\u00e1nchez Gonz\u00e1lez record\u00f3 que este ejercicio se ha llevado a cabo en los \u00faltimos meses a fin de acompa\u00f1ar los procesos electivos a concejal\u00edas en ayuntamientos que se rigen por Sistemas Normativos Ind\u00edgenas, ello en coordinaci\u00f3n con dependencias estatales y federales.&nbsp;<\/p>\n\n\n\n<p>As\u00ed mismo, dio a conocer un avance de los acuerdos respecto a elecciones ordinarias que ya han sido calificados por el Consejo General del IEEPCO y cu\u00e1les a\u00fan est\u00e1n pendientes de analizar, antes que concluya el a\u00f1o. &nbsp;<\/p>\n\n\n\n<p>Por \u00faltimo, S\u00e1nchez Gonz\u00e1lez inform\u00f3 que para poder calificar como v\u00e1lida la elecci\u00f3n, esta debe apegarse al m\u00e9todo de elecci\u00f3n de los municipios, ajustarse a los principios que rigen al \u00f3rgano electoral y presentar progresividad en la integraci\u00f3n de mujeres dentro de los Cabildos.&nbsp;<\/p>\n\n\n\n<p>Mientras que las autoridades de gobierno y seguridad de Oaxaca, se comprometieron a implementar las acciones necesarias para reducir el riesgo de conflicto en la entidad; adem\u00e1s de realizar labores de seguimiento para dar atenci\u00f3n puntual y permanente a las denuncias en el \u00e1mbito de su competencia.&nbsp;<\/p>\n\n\n\n<p>De igual forma, garantizar la paz y gobernabilidad en la toma de protestas de las autoridades que fueron electas en asambleas comunitarias; lo anterior de manera coordinada con el \u00f3rgano electoral, tal y como se ha trabajado en los \u00faltimos meses.&nbsp;<\/p>\n","protected":false},"excerpt":{"rendered":"<p>Redacci\u00f3n\/Zona Roja. Oaxaca de Ju\u00e1rez, Oax., a 29 de diciembre de 2022.- Con miras a&hellip;<\/p>\n","protected":false},"author":2,"featured_media":33643,"comment_status":"closed","ping_status":"open","sticky":false,"template":"","format":"standard","meta":{"_lmt_disableupdate":"","_lmt_disable":"","_jetpack_memberships_contains_paid_content":false,"footnotes":""},"categories":[109,46],"tags":[2932],"class_list":["post-49828","post","type-post","status-publish","format-standard","has-post-thumbnail","hentry","category-minuto-a-minuto","category-zona-blanca","tag-instituto-estatal-electoral-y-de-participacion-ciudadana-de-oaxaca-ieepco"],"jetpack_featured_media_url":"https:\/\/zonaroja.com.mx\/wp-content\/uploads\/2021\/10\/Elizabeth-Sanchez-Gonzalez-IEEPCO.jpg","jetpack_sharing_enabled":true,"_links":{"self":[{"href":"https:\/\/zonaroja.com.mx\/index.php?rest_route=\/wp\/v2\/posts\/49828","targetHints":{"allow":["GET"]}}],"collection":[{"href":"https:\/\/zonaroja.com.mx\/index.php?rest_route=\/wp\/v2\/posts"}],"about":[{"href":"https:\/\/zonaroja.com.mx\/index.php?rest_route=\/wp\/v2\/types\/post"}],"author":[{"embeddable":true,"href":"https:\/\/zonaroja.com.mx\/index.php?rest_route=\/wp\/v2\/users\/2"}],"replies":[{"embeddable":true,"href":"https:\/\/zonaroja.com.mx\/index.php?rest_route=%2Fwp%2Fv2%2Fcomments&post=49828"}],"version-history":[{"count":1,"href":"https:\/\/zonaroja.com.mx\/index.php?rest_route=\/wp\/v2\/posts\/49828\/revisions"}],"predecessor-version":[{"id":49829,"href":"https:\/\/zonaroja.com.mx\/index.php?rest_route=\/wp\/v2\/posts\/49828\/revisions\/49829"}],"wp:featuredmedia":[{"embeddable":true,"href":"https:\/\/zonaroja.com.mx\/index.php?rest_route=\/wp\/v2\/media\/33643"}],"wp:attachment":[{"href":"https:\/\/zonaroja.com.mx\/index.php?rest_route=%2Fwp%2Fv2%2Fmedia&parent=49828"}],"wp:term":[{"taxonomy":"category","embeddable":true,"href":"https:\/\/zonaroja.com.mx\/index.php?rest_route=%2Fwp%2Fv2%2Fcategories&post=49828"},{"taxonomy":"post_tag","embeddable":true,"href":"https:\/\/zonaroja.com.mx\/index.php?rest_route=%2Fwp%2Fv2%2Ftags&post=49828"}],"curies":[{"name":"wp","href":"https:\/\/api.w.org\/{rel}","templated":true}]}}