{"id":4983,"date":"2019-10-20T16:03:19","date_gmt":"2019-10-20T21:03:19","guid":{"rendered":"http:\/\/www.zonaroja.com.mx\/?p=4983"},"modified":"2019-10-20T16:03:23","modified_gmt":"2019-10-20T21:03:23","slug":"inicia-en-oaxaca-programa-para-rehabilitar-escuelas-recursos-lo-manejaran-padres","status":"publish","type":"post","link":"https:\/\/zonaroja.com.mx\/?p=4983","title":{"rendered":"Inicia en Oaxaca programa para rehabilitar escuelas; recursos lo manejar\u00e1n padres"},"content":{"rendered":"\n<p>Ismael Garc\u00eda M.\/Zona Roja.<\/p>\n\n\n\n<p>Oaxaca de Ju\u00e1rez, Oax., 20 de octubre\nde 2019.- El Presidente de M\u00e9xico, Andr\u00e9s Manuel L\u00f3pez Obrador, puso en marcha\nen Oaxaca los programas \u201cLa escuela es nuestra\u201d y de reconstrucci\u00f3n de\ninmuebles educativos da\u00f1ados por los sismos.<\/p>\n\n\n\n<p>Con una hora y 20 minutos de retraso\ninici\u00f3 el encuentro en la Plaza de la Danza, con la presencia del titular de la\nSecretar\u00eda de Educaci\u00f3n P\u00fablica, Esteban Moctezuma Barrag\u00e1n, quien detall\u00f3 las\ninversiones, que suman m\u00e1s de dos mil 100 millones de pesos.<\/p>\n\n\n\n<p>Con \u201cLa escuela es nuestra, se aplicar\u00e1n 784.5 millones pesos, para beneficiar a cuatro mil 150 planteles de educaci\u00f3n b\u00e1sica en las ocho regiones de la entidad; de esa cantidad, la mitad invirti\u00f3 el gobierno estatal; el recurso ser\u00e1 administrado directamente mediante un comit\u00e9 de padres de familia.<\/p>\n\n\n\n<figure class=\"wp-block-embed-twitter wp-block-embed is-type-rich is-provider-twitter\"><div class=\"wp-block-embed__wrapper\">\n<div class=\"twitter-tweet\"><blockquote class=\"twitter-tweet\" data-lang=\"es\"><p lang=\"es\" dir=\"ltr\">En su tercer y \u00faltimo d\u00eda de gira por <a href=\"https:\/\/twitter.com\/hashtag\/Oaxaca?src=hash&amp;ref_src=twsrc%5Etfw\">#Oaxaca<\/a>, el Presidente <a href=\"https:\/\/twitter.com\/lopezobrador_?ref_src=twsrc%5Etfw\">@lopezobrador_<\/a> llam\u00f3 a la reconciliaci\u00f3n con las y los maestros; a ellos, les pidi\u00f3 responsabilidad en su trabajo. En la Plaza de la Danza de la capital fue el \u00faltimo acto del mandatario. <a href=\"https:\/\/t.co\/b0uK4jakqk\">pic.twitter.com\/b0uK4jakqk<\/a><\/p>&mdash; Zona Roja Oaxaca (@MexRoja) <a href=\"https:\/\/twitter.com\/MexRoja\/status\/1185982080284528641?ref_src=twsrc%5Etfw\">20 de octubre de 2019<\/a><\/blockquote><\/div>\n<\/div><\/figure>\n\n\n\n<p>En el Programa Nacional de\nReconstrucci\u00f3n, tambi\u00e9n a partes iguales se aplicar\u00e1n mil 84 millones de pesos\nen apoyo a cinco mil 234 planteles.<\/p>\n\n\n\n<p>Se dividen en: Fondo Nacional de\nDesastres (Fonden), 546 millones de pesos; Fondo de Aportaciones M\u00faltiples, 150\nmillones de pesos; transferencia del Presupuesto de Egresos de la Federaci\u00f3n,\n162 millones de pesos y una inversi\u00f3n adicional de 459 millones de pesos; estos\ndos \u00faltimos fondos lo manejar\u00e1n directamente los padres de familia.<\/p>\n\n\n\n<p>En su mensaje, L\u00f3pez Obrador destac\u00f3\nque Oaxaca es un estado ejemplo de democracia participativa para todos los\nmexicanos; por lo que reconoci\u00f3 al gobernador Alejandro Murat Hinojosa por\nsumarse a esta estrategia y trabajar por la paz y gobernabilidad de sus\nhabitantes.<\/p>\n\n\n\n<p>El mandatario estatal agradeci\u00f3 el\nrespaldo presidencial e insisti\u00f3 en que los 570 municipios del estado cierran\nfilas con L\u00f3pez Obrador.<\/p>\n\n\n\n<p>\u201cGracias, se\u00f1or Presidente, por hacer a Oaxaca parte de este gran programa que empodera a la ciudadan\u00eda de manera directa. Gracias por sumarnos a poder canalizar todos esos recursos a las m\u00e1s de 10 mil escuelas oaxaque\u00f1as. Este programa hace tributo a nuestros or\u00edgenes, al tequio, a nuestras asambleas\u201d, afirm\u00f3.<\/p>\n\n\n\n<figure class=\"wp-block-embed-twitter wp-block-embed is-type-rich is-provider-twitter\"><div class=\"wp-block-embed__wrapper\">\n<div class=\"twitter-tweet\"><blockquote class=\"twitter-tweet\" data-lang=\"es\"><p lang=\"es\" dir=\"ltr\">Esta fue la intervenci\u00f3n del gobernador <a href=\"https:\/\/twitter.com\/alejandromurat?ref_src=twsrc%5Etfw\">@alejandromurat<\/a> ante el Presidente de M\u00e9xico, <a href=\"https:\/\/twitter.com\/lopezobrador_?ref_src=twsrc%5Etfw\">@lopezobrador_<\/a>, durante el acto efectuado en la Plaza de la Danza de la capital oaxaque\u00f1a. <a href=\"https:\/\/t.co\/u3sGT5OZjl\">pic.twitter.com\/u3sGT5OZjl<\/a><\/p>&mdash; Zona Roja Oaxaca (@MexRoja) <a href=\"https:\/\/twitter.com\/MexRoja\/status\/1185992440563601410?ref_src=twsrc%5Etfw\">20 de octubre de 2019<\/a><\/blockquote><\/div>\n<\/div><\/figure>\n","protected":false},"excerpt":{"rendered":"<p>Ismael Garc\u00eda M.\/Zona Roja. Oaxaca de Ju\u00e1rez, Oax., 20 de octubre de 2019.- El Presidente&hellip;<\/p>\n","protected":false},"author":2,"featured_media":4984,"comment_status":"closed","ping_status":"open","sticky":false,"template":"","format":"standard","meta":{"_lmt_disableupdate":"","_lmt_disable":"","_jetpack_memberships_contains_paid_content":false,"footnotes":""},"categories":[109,46],"tags":[143],"class_list":["post-4983","post","type-post","status-publish","format-standard","has-post-thumbnail","hentry","category-minuto-a-minuto","category-zona-blanca","tag-andres-manuel-lopez-obrador"],"jetpack_featured_media_url":"https:\/\/zonaroja.com.mx\/wp-content\/uploads\/2019\/10\/590f4acd-6797-4022-8b6a-92451a404ccf.jpg","jetpack_sharing_enabled":true,"_links":{"self":[{"href":"https:\/\/zonaroja.com.mx\/index.php?rest_route=\/wp\/v2\/posts\/4983","targetHints":{"allow":["GET"]}}],"collection":[{"href":"https:\/\/zonaroja.com.mx\/index.php?rest_route=\/wp\/v2\/posts"}],"about":[{"href":"https:\/\/zonaroja.com.mx\/index.php?rest_route=\/wp\/v2\/types\/post"}],"author":[{"embeddable":true,"href":"https:\/\/zonaroja.com.mx\/index.php?rest_route=\/wp\/v2\/users\/2"}],"replies":[{"embeddable":true,"href":"https:\/\/zonaroja.com.mx\/index.php?rest_route=%2Fwp%2Fv2%2Fcomments&post=4983"}],"version-history":[{"count":1,"href":"https:\/\/zonaroja.com.mx\/index.php?rest_route=\/wp\/v2\/posts\/4983\/revisions"}],"predecessor-version":[{"id":4985,"href":"https:\/\/zonaroja.com.mx\/index.php?rest_route=\/wp\/v2\/posts\/4983\/revisions\/4985"}],"wp:featuredmedia":[{"embeddable":true,"href":"https:\/\/zonaroja.com.mx\/index.php?rest_route=\/wp\/v2\/media\/4984"}],"wp:attachment":[{"href":"https:\/\/zonaroja.com.mx\/index.php?rest_route=%2Fwp%2Fv2%2Fmedia&parent=4983"}],"wp:term":[{"taxonomy":"category","embeddable":true,"href":"https:\/\/zonaroja.com.mx\/index.php?rest_route=%2Fwp%2Fv2%2Fcategories&post=4983"},{"taxonomy":"post_tag","embeddable":true,"href":"https:\/\/zonaroja.com.mx\/index.php?rest_route=%2Fwp%2Fv2%2Ftags&post=4983"}],"curies":[{"name":"wp","href":"https:\/\/api.w.org\/{rel}","templated":true}]}}