{"id":49831,"date":"2022-12-29T19:56:00","date_gmt":"2022-12-30T01:56:00","guid":{"rendered":"http:\/\/www.zonaroja.com.mx\/?p=49831"},"modified":"2022-12-29T16:59:52","modified_gmt":"2022-12-29T22:59:52","slug":"la-escandalosa-vida-privada-del-astro-rey-del-futbol","status":"publish","type":"post","link":"https:\/\/zonaroja.com.mx\/?p=49831","title":{"rendered":"La escandalosa vida privada del astro rey del futbol"},"content":{"rendered":"\n<p>Redacci\u00f3n\/Zona Roja Cdmx.<\/p>\n\n\n\n<p>Ciudad de M\u00e9xico, a 29 de diciembre de 2022.- Casado tres veces, oficialmente padre de siete hijos: la vida privada de Pel\u00e9, sin ser tan accidentada como la de Diego Maradona, fue bien enrevesada, revela la agencia AFP.<\/p>\n\n\n\n<p>Pel\u00e9 tuvo un hijo que fue encarcelado, una expareja que pas\u00f3 de modelo de revistas para adultos a reina de la televisi\u00f3n brasile\u00f1a y una hija no asumida.<\/p>\n\n\n\n<p>&#8216;O Rei&#8217; se neg\u00f3 a reconocer a Sandra Machado, nacida en 1964 de un romance con una empleada de la limpieza.&nbsp;<\/p>\n\n\n\n<p>Despu\u00e9s de una batalla legal de cinco a\u00f1os, los tribunales fallaron en 1996 a favor de la joven, cuya historia cont\u00f3 en el libro \u00abLa ni\u00f1a que el rey no quiso\u00bb, antes de fallecer en 2006 por un c\u00e1ncer de mama con solo 42 a\u00f1os.<\/p>\n\n\n\n<p>Pel\u00e9 fue deplorado por sus dos nietos por haberlos \u00ababandonado intelectual, moral y materialmente\u00bb.<\/p>\n\n\n\n<p>La informaci\u00f3n de la agencia AFP expone que de su primer matrimonio con Rosemeri Cholbi en 1966 nacieron tres hijos: dos ni\u00f1as, Kely Cristina en 1967 y Jennifer en 1978, adem\u00e1s de un ni\u00f1o, Edinho, en 1970.&nbsp;<\/p>\n\n\n\n<p>En esa \u00e9poca, Pel\u00e9 tambi\u00e9n tuvo una hija, Flavia, fruto de una relaci\u00f3n extramatrimonial en 1968 con la periodista Lenita Kurtz. A diferencia de Sandra Machado, la reconoci\u00f3 en 2002.<\/p>\n\n\n\n<p>La familia \u00aboficial\u00bb se instal\u00f3 en Nueva York en 1975 luego de la transferencia de Pel\u00e9 del Santos de Sao Paulo al Cosmos. Los tres ni\u00f1os se quedar\u00edan all\u00ed con su madre despu\u00e9s de que sus padres se divorciaran a principios de la d\u00e9cada de 1980.&nbsp;<\/p>\n\n\n\n<p>Soltero de nuevo, Pel\u00e9 se enamor\u00f3 de Xuxa, una joven modelo que hab\u00eda posado desnuda, abunda la informaci\u00f3n de AFP.<\/p>\n\n\n\n<p>Luego se convirti\u00f3 en una estrella de la televisi\u00f3n en Brasil al presentar programas para j\u00f3venes y comparti\u00f3 su vida con otro \u00eddolo del pa\u00eds, el fallecido piloto de F\u00f3rmula 1 Ayrton Senna.<\/p>\n\n\n\n<p>Pel\u00e9 fue un padre ausente para los tres hijos de su primer matrimonio.<\/p>\n\n\n\n<p>\u00abCuando viv\u00eda en Estados Unidos, casi no ten\u00eda contacto con mi padre\u00bb, testific\u00f3 Edinho en 2020 en una entrevista con Canal Football Club.<\/p>\n\n\n\n<p>\u00abSolo lo ve\u00eda dos o tres veces al a\u00f1o para los cumplea\u00f1os y Navidad. A menudo nos hac\u00eda reunir y no ven\u00eda\u00bb, explic\u00f3.<\/p>\n\n\n\n<p>Al regresar a Brasil a sus 16 a\u00f1os, el hijo de Pel\u00e9 se acerc\u00f3 m\u00e1s a su padre y se embarc\u00f3 en una modesta carrera como guardameta.<\/p>\n\n\n\n<p>Pero son sobre todo sus traspi\u00e9s legales los que le dieron fama.<\/p>\n\n\n\n<p>Condenado en 2017 a casi 13 a\u00f1os de prisi\u00f3n por lavado de dinero del narcotr\u00e1fico, Edinho realiz\u00f3 varios viajes de ida y vuelta a la c\u00e1rcel antes de obtener la libertad condicional a fines de 2019.<\/p>\n\n\n\n<p>El segundo matrimonio de Pel\u00e9 fue con una psic\u00f3loga y cantante de gospel, Assiria Lemos Seixas, en 1994. Dos a\u00f1os despu\u00e9s se convirtieron en padres de los mellizos Joshua y Celeste. La pareja se separ\u00f3 despu\u00e9s de trece a\u00f1os.<\/p>\n\n\n\n<p>En 2020, su exesposa inici\u00f3 un proceso judicial por falta de pago de la pensi\u00f3n alimenticia.<\/p>\n\n\n\n<p>En 2016, entonces con 75 a\u00f1os, Pel\u00e9 se cas\u00f3 por tercera vez con Marcia Cibele Aoki, una empresaria de 42 a\u00f1os, a quien hab\u00eda conocido en Nueva York en la d\u00e9cada de 1980 y luego la reencontr\u00f3 en un ascensor de un edificio en Sao Paulo en 2010.<\/p>\n\n\n\n<p>Una uni\u00f3n calificada de \u00abamor definitivo\u00bb por la leyenda del f\u00fatbol.<\/p>\n\n\n\n<p>(Informaci\u00f3n de la agencia AFP)<\/p>\n","protected":false},"excerpt":{"rendered":"<p>Redacci\u00f3n\/Zona Roja Cdmx. Ciudad de M\u00e9xico, a 29 de diciembre de 2022.- Casado tres veces,&hellip;<\/p>\n","protected":false},"author":2,"featured_media":49832,"comment_status":"closed","ping_status":"open","sticky":false,"template":"","format":"standard","meta":{"_lmt_disableupdate":"","_lmt_disable":"","_jetpack_memberships_contains_paid_content":false,"footnotes":""},"categories":[109,47],"tags":[3369],"class_list":["post-49831","post","type-post","status-publish","format-standard","has-post-thumbnail","hentry","category-minuto-a-minuto","category-zona-gris","tag-edson-arantes-pele"],"jetpack_featured_media_url":"https:\/\/zonaroja.com.mx\/wp-content\/uploads\/2022\/12\/Edson-Arantes-Pele-1.jpeg","jetpack_sharing_enabled":true,"_links":{"self":[{"href":"https:\/\/zonaroja.com.mx\/index.php?rest_route=\/wp\/v2\/posts\/49831","targetHints":{"allow":["GET"]}}],"collection":[{"href":"https:\/\/zonaroja.com.mx\/index.php?rest_route=\/wp\/v2\/posts"}],"about":[{"href":"https:\/\/zonaroja.com.mx\/index.php?rest_route=\/wp\/v2\/types\/post"}],"author":[{"embeddable":true,"href":"https:\/\/zonaroja.com.mx\/index.php?rest_route=\/wp\/v2\/users\/2"}],"replies":[{"embeddable":true,"href":"https:\/\/zonaroja.com.mx\/index.php?rest_route=%2Fwp%2Fv2%2Fcomments&post=49831"}],"version-history":[{"count":2,"href":"https:\/\/zonaroja.com.mx\/index.php?rest_route=\/wp\/v2\/posts\/49831\/revisions"}],"predecessor-version":[{"id":49834,"href":"https:\/\/zonaroja.com.mx\/index.php?rest_route=\/wp\/v2\/posts\/49831\/revisions\/49834"}],"wp:featuredmedia":[{"embeddable":true,"href":"https:\/\/zonaroja.com.mx\/index.php?rest_route=\/wp\/v2\/media\/49832"}],"wp:attachment":[{"href":"https:\/\/zonaroja.com.mx\/index.php?rest_route=%2Fwp%2Fv2%2Fmedia&parent=49831"}],"wp:term":[{"taxonomy":"category","embeddable":true,"href":"https:\/\/zonaroja.com.mx\/index.php?rest_route=%2Fwp%2Fv2%2Fcategories&post=49831"},{"taxonomy":"post_tag","embeddable":true,"href":"https:\/\/zonaroja.com.mx\/index.php?rest_route=%2Fwp%2Fv2%2Ftags&post=49831"}],"curies":[{"name":"wp","href":"https:\/\/api.w.org\/{rel}","templated":true}]}}