{"id":49838,"date":"2022-12-30T07:02:42","date_gmt":"2022-12-30T13:02:42","guid":{"rendered":"http:\/\/www.zonaroja.com.mx\/?p=49838"},"modified":"2022-12-30T07:02:44","modified_gmt":"2022-12-30T13:02:44","slug":"linchan-en-chiapas-a-indigena-acusado-de-delincuente","status":"publish","type":"post","link":"https:\/\/zonaroja.com.mx\/?p=49838","title":{"rendered":"Linchan en Chiapas a ind\u00edgena acusado de delincuente"},"content":{"rendered":"\n<p>Redacci\u00f3n\/Zona Roja Cdmx.<\/p>\n\n\n\n<p>Ciudad de M\u00e9xico, a 30 de enero de 2022.- Un grupo de habitantes del municipio de Santiago El Pinar, del estado de Chiapas, linch\u00f3 a un ind\u00edgena Totsil, acusado de ser un delincuente.<\/p>\n\n\n\n<p>Los hechos ocurrieron ayer por la madrugada, confirm\u00f3 la Fiscal\u00eda General del Estado, que asegura no conocer las causas por las cuales fue calcinado un individuo, identificado como Lucas \u201cN\u201d.<\/p>\n\n\n\n<p>La instituci\u00f3n emiti\u00f3 un comunicado, en que detall\u00f3 que \u201ctras conocer de la noticia, elementos de la polic\u00eda estatal preventiva, de la polic\u00eda de investigaci\u00f3n y peritos arribaron al juzgado municipal de Santiago El Pinar, donde las autoridades tradicionales informaron sobre el deceso.<\/p>\n\n\n\n<p>\u201cMomentos despu\u00e9s, los elementos de la FGE, junto con las autoridades tradicionales, llegaron al pante\u00f3n municipal, donde se encontraba el cuerpo de Lucas \u2019N\u2019, y solicitaron a los familiares autorizaci\u00f3n para realizar la necropsia de ley, la cual fue denegada.<\/p>\n\n\n\n<p>\u201cAl revisar el cuerpo, los elementos de la polic\u00eda de investigaci\u00f3n y peritos constataron que ten\u00eda lesiones por quemaduras de tercer grado\u201d.<\/p>\n\n\n\n<p>Sin embargo, seg\u00fan la autoridad municipal, desconoce por qu\u00e9 y qui\u00e9nes lincharon al ind\u00edgena Tsotsil.<\/p>\n\n\n\n<p>Cabe recordar que apenas el pasado 22 de diciembre, pobladores de la localidad de Huixt\u00e1n retuvieron a cuatro presuntos ladrones, los colgaron en la plaza p\u00fablica y los pretend\u00edan linchar.<\/p>\n\n\n\n<p>Sin embargo, un grupo armado, supuestamente de la Coordinadora de Organizaciones por el Medio Ambiente para un Chiapas Mejor liberaron a los sujetos, entre disparos de arma de fuego, con saldo de dos pobladores lesionados.<\/p>\n","protected":false},"excerpt":{"rendered":"<p>Redacci\u00f3n\/Zona Roja Cdmx. Ciudad de M\u00e9xico, a 30 de enero de 2022.- Un grupo de&hellip;<\/p>\n","protected":false},"author":2,"featured_media":49839,"comment_status":"closed","ping_status":"open","sticky":false,"template":"","format":"standard","meta":{"_lmt_disableupdate":"","_lmt_disable":"","_jetpack_memberships_contains_paid_content":false,"footnotes":""},"categories":[109,51],"tags":[1201],"class_list":["post-49838","post","type-post","status-publish","format-standard","has-post-thumbnail","hentry","category-minuto-a-minuto","category-zona-roja","tag-chiapas"],"jetpack_featured_media_url":"https:\/\/zonaroja.com.mx\/wp-content\/uploads\/2022\/12\/Linchado-Santiago-del-Pinar-Chiapas.webp","jetpack_sharing_enabled":true,"_links":{"self":[{"href":"https:\/\/zonaroja.com.mx\/index.php?rest_route=\/wp\/v2\/posts\/49838","targetHints":{"allow":["GET"]}}],"collection":[{"href":"https:\/\/zonaroja.com.mx\/index.php?rest_route=\/wp\/v2\/posts"}],"about":[{"href":"https:\/\/zonaroja.com.mx\/index.php?rest_route=\/wp\/v2\/types\/post"}],"author":[{"embeddable":true,"href":"https:\/\/zonaroja.com.mx\/index.php?rest_route=\/wp\/v2\/users\/2"}],"replies":[{"embeddable":true,"href":"https:\/\/zonaroja.com.mx\/index.php?rest_route=%2Fwp%2Fv2%2Fcomments&post=49838"}],"version-history":[{"count":1,"href":"https:\/\/zonaroja.com.mx\/index.php?rest_route=\/wp\/v2\/posts\/49838\/revisions"}],"predecessor-version":[{"id":49840,"href":"https:\/\/zonaroja.com.mx\/index.php?rest_route=\/wp\/v2\/posts\/49838\/revisions\/49840"}],"wp:featuredmedia":[{"embeddable":true,"href":"https:\/\/zonaroja.com.mx\/index.php?rest_route=\/wp\/v2\/media\/49839"}],"wp:attachment":[{"href":"https:\/\/zonaroja.com.mx\/index.php?rest_route=%2Fwp%2Fv2%2Fmedia&parent=49838"}],"wp:term":[{"taxonomy":"category","embeddable":true,"href":"https:\/\/zonaroja.com.mx\/index.php?rest_route=%2Fwp%2Fv2%2Fcategories&post=49838"},{"taxonomy":"post_tag","embeddable":true,"href":"https:\/\/zonaroja.com.mx\/index.php?rest_route=%2Fwp%2Fv2%2Ftags&post=49838"}],"curies":[{"name":"wp","href":"https:\/\/api.w.org\/{rel}","templated":true}]}}