{"id":49846,"date":"2022-12-30T11:25:00","date_gmt":"2022-12-30T17:25:00","guid":{"rendered":"http:\/\/www.zonaroja.com.mx\/?p=49846"},"modified":"2022-12-30T07:28:25","modified_gmt":"2022-12-30T13:28:25","slug":"se-multiplican-las-dudas-sobre-estudios-de-ministra-yasmin-esquivel","status":"publish","type":"post","link":"https:\/\/zonaroja.com.mx\/?p=49846","title":{"rendered":"Se multiplican las dudas sobre estudios de ministra Yasm\u00edn Esquivel"},"content":{"rendered":"\n<p>Redacci\u00f3n\/Zona Roja Cdmx.<\/p>\n\n\n\n<p>Ciudad de M\u00e9xico, a 30 de diciembre de 2022.- \u201cLo que empieza mal, acaba mal\u201d, as\u00ed abre una publicaci\u00f3n en Twitter en la cual se se\u00f1alan las presuntas \u201cincongruencias\u201d dentro del curr\u00edculum de la ministra Yasm\u00edn Esquivel Mossa, quien actualmente se encuentra en el ojo del hurac\u00e1n medi\u00e1tico ante las acusaciones que existen en su contra por presuntamente haber plagiado su tesis.<\/p>\n\n\n\n<p>A trav\u00e9s de su cuenta personal,&nbsp;Yuseb Yong, autor del contenido con m\u00e1s de 6 mil vistas, cuestion\u00f3 una serie de puntos que, a su parecer, se\u00f1alar\u00edan&nbsp;irregularidades dentro de la carrera de quien actualmente aspira a presidir la Suprema Corte de Justicia de la Naci\u00f3n (SCJN).<\/p>\n\n\n\n<p>De acuerdo con el contenido del documento, Yasm\u00edn Esquivel fue parte de la generaci\u00f3n 1982-1986, a\u00f1os en los que, seg\u00fan en el curr\u00edculum, obtuvo c\u00e9dula y t\u00edtulo.<\/p>\n\n\n\n<p>Sin embargo, el autor de la publicaci\u00f3n cuestion\u00f3 esta informaci\u00f3n pues, record\u00f3 que seg\u00fan lo establecido en el t\u00edtulo, su examen profesional se llev\u00f3 a cabo el 25 de septiembre de 1987, \u201centonces&nbsp; \u00bfPor qu\u00e9 puso en su curr\u00edculum para ser ministra que ten\u00eda t\u00edtulo y c\u00e9dula desde 1986?\u201d, ataj\u00f3 el usuario.<\/p>\n\n\n\n<p>Bajo este sentido, tambi\u00e9n cuestion\u00f3 el hecho de que en 1985 ocup\u00f3 un cargo como Asesor Jur\u00eddico en la subdelegaci\u00f3n jur\u00eddica de la delegaci\u00f3n Coyoac\u00e1n, esto&nbsp;pese a que a\u00fan faltaban dos a\u00f1os para que se llevara a cabo su examen profesional.<\/p>\n\n\n\n<p>Bajo \u00e9sta misma l\u00ednea, reiter\u00f3 que su actividad en la alcald\u00eda de la Ciudad de M\u00e9xico no se limit\u00f3 a dicho cargo, sino que luego de siete meses, pas\u00f3 a&nbsp;ocupar el puesto de Jefe de la Oficina de Personal.<\/p>\n\n\n\n<p>Cabe agregar que, por su periodo como asesora jur\u00eddica, Yasm\u00edn Esquivel se hizo merecedora al Premio Nacional de Administraci\u00f3n P\u00fablica (PNAP), sin embargo, para Yuseb Yong este le fue otorgado \u201cpor usurpar profesiones\u201d.<\/p>\n\n\n\n<p>Si bien el contenido ha obtenido m\u00faltiples reacciones en favor con m\u00e1s de 5 mil likes y 3 mil 429 retweets, este tambi\u00e9n ha sido ampliamente criticado, incluso por personas que se han identificado en contra del actuar de la ministra.<\/p>\n\n\n\n<p>\u201cCreo que est\u00e1 mal enfocado tu comentario y no la defiendo, que quede claro. Curricularmente se pone la carrera que tienes, el periodo en el que la cursaste y que grado obtuviste, por eso la precisi\u00f3n\u201d, se lee en uno de los comentarios.<\/p>\n\n\n\n<p>\u201cMi CV tambi\u00e9n tiene una fecha distinta, porque es el periodo en que estudi\u00e9, aunque el t\u00edtulo tiene fecha de \u2018un a\u00f1o despu\u00e9s\u2019, por los distintos tr\u00e1mites y (adem\u00e1s) la Universidad pone en el t\u00edtulo el a\u00f1o de entrega del documento, no el de terminaci\u00f3n de estudio\u201d, explic\u00f3 una usuaria.<\/p>\n\n\n\n<p>En tanto, hubo quienes secundaron esta aclaraci\u00f3n, asegurando que&nbsp; \u201cuna fecha es en la que presentas tesis\u201d y&nbsp; otra es en la que los administrativos hacen los documentos. En tanto, otros llamaron a precisar que los &nbsp;a\u00f1os establecidos en el curr\u00edculum \u201ccorresponden a su generaci\u00f3n\u201d, lo que no equivaldr\u00eda al periodo de titulaci\u00f3n.<\/p>\n\n\n\n<p>\u201cLa verdad es que le est\u00e1n buscando tres patas al gato, la trampa es obvia y los registros claros\u201d, se lee en otro comentario.<\/p>\n\n\n\n<p>(Informaci\u00f3n de Infobae M\u00e9xico)<\/p>\n","protected":false},"excerpt":{"rendered":"<p>Redacci\u00f3n\/Zona Roja Cdmx. Ciudad de M\u00e9xico, a 30 de diciembre de 2022.- \u201cLo que empieza&hellip;<\/p>\n","protected":false},"author":2,"featured_media":49825,"comment_status":"closed","ping_status":"open","sticky":false,"template":"","format":"standard","meta":{"_lmt_disableupdate":"","_lmt_disable":"","_jetpack_memberships_contains_paid_content":false,"footnotes":""},"categories":[109,47],"tags":[3361],"class_list":["post-49846","post","type-post","status-publish","format-standard","has-post-thumbnail","hentry","category-minuto-a-minuto","category-zona-gris","tag-yasmin-esquivel-mossa"],"jetpack_featured_media_url":"https:\/\/zonaroja.com.mx\/wp-content\/uploads\/2022\/12\/Ministra-Yasmin-Esquivel-3.webp","jetpack_sharing_enabled":true,"_links":{"self":[{"href":"https:\/\/zonaroja.com.mx\/index.php?rest_route=\/wp\/v2\/posts\/49846","targetHints":{"allow":["GET"]}}],"collection":[{"href":"https:\/\/zonaroja.com.mx\/index.php?rest_route=\/wp\/v2\/posts"}],"about":[{"href":"https:\/\/zonaroja.com.mx\/index.php?rest_route=\/wp\/v2\/types\/post"}],"author":[{"embeddable":true,"href":"https:\/\/zonaroja.com.mx\/index.php?rest_route=\/wp\/v2\/users\/2"}],"replies":[{"embeddable":true,"href":"https:\/\/zonaroja.com.mx\/index.php?rest_route=%2Fwp%2Fv2%2Fcomments&post=49846"}],"version-history":[{"count":1,"href":"https:\/\/zonaroja.com.mx\/index.php?rest_route=\/wp\/v2\/posts\/49846\/revisions"}],"predecessor-version":[{"id":49847,"href":"https:\/\/zonaroja.com.mx\/index.php?rest_route=\/wp\/v2\/posts\/49846\/revisions\/49847"}],"wp:featuredmedia":[{"embeddable":true,"href":"https:\/\/zonaroja.com.mx\/index.php?rest_route=\/wp\/v2\/media\/49825"}],"wp:attachment":[{"href":"https:\/\/zonaroja.com.mx\/index.php?rest_route=%2Fwp%2Fv2%2Fmedia&parent=49846"}],"wp:term":[{"taxonomy":"category","embeddable":true,"href":"https:\/\/zonaroja.com.mx\/index.php?rest_route=%2Fwp%2Fv2%2Fcategories&post=49846"},{"taxonomy":"post_tag","embeddable":true,"href":"https:\/\/zonaroja.com.mx\/index.php?rest_route=%2Fwp%2Fv2%2Ftags&post=49846"}],"curies":[{"name":"wp","href":"https:\/\/api.w.org\/{rel}","templated":true}]}}