{"id":49848,"date":"2022-12-30T09:28:00","date_gmt":"2022-12-30T15:28:00","guid":{"rendered":"http:\/\/www.zonaroja.com.mx\/?p=49848"},"modified":"2022-12-30T07:33:10","modified_gmt":"2022-12-30T13:33:10","slug":"continua-el-ieepco-con-calificacion-de-elecciones-en-municipios-indigenas","status":"publish","type":"post","link":"https:\/\/zonaroja.com.mx\/?p=49848","title":{"rendered":"Contin\u00faa el IEEPCO con calificaci\u00f3n de elecciones en municipios ind\u00edgenas"},"content":{"rendered":"\n<p>Redacci\u00f3n\/Zona Roja.<\/p>\n\n\n\n<p>Oaxaca de Ju\u00e1rez, Oax., a 30 de diciembre de 2022.- En sesi\u00f3n extraordinaria urgente, el Consejo General del Instituto Estatal Electoral y de Participaci\u00f3n Ciudadana de Oaxaca (IEEPCO) calific\u00f3 diversos acuerdos respecto de las elecciones ordinarias y extraordinarias de municipios que se rigen por Sistemas Normativos Ind\u00edgenas.<\/p>\n\n\n\n<p>Las consejeras y consejeros electorales calificaron como v\u00e1lidas -por unanimidad de votos- las elecciones ordinarias de San Pedro Ap\u00f3stol, Santa Mar\u00eda Apazco, Santa Mar\u00eda Temaxcalapa, Santa Mar\u00eda Tataltepec, San Francisco Tlapancingo, San Juan Mixtepec, Santa Mar\u00eda Camotl\u00e1n, San Miguel Peras, \u00c1nimas Trujano, San Raymundo Jalpan, Santa Mar\u00eda Atzompa, San Antonio de la Cal, Coicoy\u00e1n de las Flores, La Pe, San Pedro Sochi\u00e1pam, San Juan Teposcolula, Santiago Cho\u00e1pam, Santiago Ixtayutla y San Pedro Ocopetatillo.<\/p>\n\n\n\n<p>De igual forma -por mayor\u00eda de votos- se declararon v\u00e1lidas las elecciones ordinarias de San Jos\u00e9 Ayuquila, San Pedro Jaltepetongo, San Pedro Jocotipac, Santa Mar\u00eda Ixcatl\u00e1n, San Juan de los Cu\u00e9s, Santos Reyes P\u00e1palo, Asunci\u00f3n Tlacolulita, San Carlos Yautepec y Santa Mar\u00eda Quiegolani.<\/p>\n\n\n\n<p>En la misma sesi\u00f3n fue declarada como parcialmente v\u00e1lida la elecci\u00f3n ordinaria de San Juan Lajarcia; mientras que la elecci\u00f3n ordinaria y extraordinaria de Villa Hidalgo fue declarada como v\u00e1lida.<\/p>\n\n\n\n<p>Por su parte, tambi\u00e9n fueron validadas las elecciones extraordinarias de San Andr\u00e9s Huayapam, San Miguel Coatl\u00e1n, Santa Mar\u00eda Yaves\u00eda y San Juan Teitipac; al igual que la elecci\u00f3n extraordinaria de la concejal\u00eda de salud al ayuntamiento de Santiago Zoochila.<\/p>\n\n\n\n<p>Mientras que, las elecciones ordinarias de concejal\u00edas a los ayuntamientos de Santiago Tlazoyaltepec y San Lorenzo Cuaunecuiltitla, as\u00ed como la ordinaria y extraordinaria de concejal\u00edas al ayuntamiento de Magdalena Teitipac fueron declaradas como no v\u00e1lidas por mayor\u00eda de votos.<\/p>\n\n\n\n<p>Al respecto, la consejera presidenta del \u00f3rgano electoral, Elizabeth S\u00e1nchez Gonz\u00e1lez, se pronunci\u00f3 por la aprobaci\u00f3n de las elecciones en los tres municipios antes referidos, al asegurar que se debe tomar en cuenta el contexto de las comunidades y las condiciones en las que se encuentran las mujeres al interior.<\/p>\n\n\n\n<p>Y es que dijo, las tres localidades -Santiago Tlazoyaltepec, San Lorenzo Cuaunecuiltitla y Magdalena Teitipac- presentan un alto grado de marginaci\u00f3n, pobreza, analfabetismo, adem\u00e1s de rezago educativo y social; situaci\u00f3n que complica la garant\u00eda de los derechos de las mujeres, como ha referido en reiteradas ocasiones.<\/p>\n\n\n\n<p>Por ello, hizo un exhorto a las instituciones de los tres niveles de gobierno para trabajar en conjunto a fin de garantizar los derechos de las mujeres de forma integral.<\/p>\n\n\n\n<p>La sesi\u00f3n extraordinaria urgente de este jueves estuvo encabezada por la consejera presidenta, Elizabeth S\u00e1nchez Gonz\u00e1lez; las consejeras electorales Carmelita Sibaja Ochoa, Jessica Jazibe Hern\u00e1ndez Garc\u00eda, Nayma Enr\u00edquez Estrada y Zaira Alhel\u00ed Hip\u00f3lito L\u00f3pez; as\u00ed como los consejeros electorales Alejandro Carrasco Sampedro y Wilfrido Lulio Almaraz Santib\u00e1\u00f1ez; adem\u00e1s de las representaciones de los partidos pol\u00edticos.<\/p>\n","protected":false},"excerpt":{"rendered":"<p>Redacci\u00f3n\/Zona Roja. Oaxaca de Ju\u00e1rez, Oax., a 30 de diciembre de 2022.- En sesi\u00f3n extraordinaria&hellip;<\/p>\n","protected":false},"author":2,"featured_media":20396,"comment_status":"closed","ping_status":"open","sticky":false,"template":"","format":"standard","meta":{"_lmt_disableupdate":"","_lmt_disable":"","_jetpack_memberships_contains_paid_content":false,"footnotes":""},"categories":[109,46],"tags":[2932],"class_list":["post-49848","post","type-post","status-publish","format-standard","has-post-thumbnail","hentry","category-minuto-a-minuto","category-zona-blanca","tag-instituto-estatal-electoral-y-de-participacion-ciudadana-de-oaxaca-ieepco"],"jetpack_featured_media_url":"https:\/\/zonaroja.com.mx\/wp-content\/uploads\/2020\/11\/Edil-baston-de-mando.jpg","jetpack_sharing_enabled":true,"_links":{"self":[{"href":"https:\/\/zonaroja.com.mx\/index.php?rest_route=\/wp\/v2\/posts\/49848","targetHints":{"allow":["GET"]}}],"collection":[{"href":"https:\/\/zonaroja.com.mx\/index.php?rest_route=\/wp\/v2\/posts"}],"about":[{"href":"https:\/\/zonaroja.com.mx\/index.php?rest_route=\/wp\/v2\/types\/post"}],"author":[{"embeddable":true,"href":"https:\/\/zonaroja.com.mx\/index.php?rest_route=\/wp\/v2\/users\/2"}],"replies":[{"embeddable":true,"href":"https:\/\/zonaroja.com.mx\/index.php?rest_route=%2Fwp%2Fv2%2Fcomments&post=49848"}],"version-history":[{"count":1,"href":"https:\/\/zonaroja.com.mx\/index.php?rest_route=\/wp\/v2\/posts\/49848\/revisions"}],"predecessor-version":[{"id":49849,"href":"https:\/\/zonaroja.com.mx\/index.php?rest_route=\/wp\/v2\/posts\/49848\/revisions\/49849"}],"wp:featuredmedia":[{"embeddable":true,"href":"https:\/\/zonaroja.com.mx\/index.php?rest_route=\/wp\/v2\/media\/20396"}],"wp:attachment":[{"href":"https:\/\/zonaroja.com.mx\/index.php?rest_route=%2Fwp%2Fv2%2Fmedia&parent=49848"}],"wp:term":[{"taxonomy":"category","embeddable":true,"href":"https:\/\/zonaroja.com.mx\/index.php?rest_route=%2Fwp%2Fv2%2Fcategories&post=49848"},{"taxonomy":"post_tag","embeddable":true,"href":"https:\/\/zonaroja.com.mx\/index.php?rest_route=%2Fwp%2Fv2%2Ftags&post=49848"}],"curies":[{"name":"wp","href":"https:\/\/api.w.org\/{rel}","templated":true}]}}