{"id":49853,"date":"2022-12-30T08:14:44","date_gmt":"2022-12-30T14:14:44","guid":{"rendered":"http:\/\/www.zonaroja.com.mx\/?p=49853"},"modified":"2022-12-30T08:16:32","modified_gmt":"2022-12-30T14:16:32","slug":"declaran-culpable-de-homicidios-a-diputado-del-pri-gustavo-d-s","status":"publish","type":"post","link":"https:\/\/zonaroja.com.mx\/?p=49853","title":{"rendered":"Declaran culpable de homicidios a diputado del PRI, Gustavo D. S."},"content":{"rendered":"\n<p>Ismael Garc\u00eda M.\/Zona Roja.<\/p>\n\n\n\n<p>Oaxaca de Ju\u00e1rez, Oax., a 30 de diciembre de 2022.- Un juez del Poder Judicial de Oaxaca dict\u00f3 sentencia en contra del diputado por el PRI, Gustavo D. S., por el delito de homicidio.<\/p>\n\n\n\n<p>El legislador, que fue reelecto por el distrito de Acatl\u00e1n pero no asumi\u00f3 el cargo en la 65 Legislatura debido a su aprehensi\u00f3n, se encuentra preso en un reclusorio del estado de Michoac\u00e1n, por otras acusaciones relacionadas con el crimen organizado.<\/p>\n\n\n\n<p>En el caso de los delitos que se le imputan en Oaxaca, Gustavo D. S. fue declarado culpable del asesinato de la se\u00f1ora Francisca y de su hijo Juan Carlos, este \u00faltimo primero fue plagiado, en julio del a\u00f1o 2021 en la comunidad de El Refugio, San Jos\u00e9 Cosolapa, regi\u00f3n de la Cuenca.<\/p>\n\n\n\n<p>Presuntamente fue apoyado por su hijo Gustavo D., apodado \u201cEl Pino\u201d, tambi\u00e9n en reclusi\u00f3n por delitos federales. Ser\u00e1 el pr\u00f3ximo lunes en que se dar\u00e1 lectura a la sentencia que corresponde al legislador por el PRI.<\/p>\n\n\n\n<p>A la fecha, su curul no ha sido ocupado en la 65 Legislatura, cuya bancada encabeza Alejandro Avil\u00e9s \u00c1lvarez, quien ha reconocido p\u00fablicamente como su amigo a quien apodan como \u201cEl Gato\u201d.<\/p>\n\n\n\n<p>Fue detenido el 4 noviembre de 2021 -una semana antes de asumir de nuevo como diputado- cuando acudi\u00f3 a Veracruz a liberar a su hijo, detenido por la fuerza civil de esa entidad.<\/p>\n","protected":false},"excerpt":{"rendered":"<p>Ismael Garc\u00eda M.\/Zona Roja. Oaxaca de Ju\u00e1rez, Oax., a 30 de diciembre de 2022.- Un&hellip;<\/p>\n","protected":false},"author":2,"featured_media":33955,"comment_status":"closed","ping_status":"open","sticky":false,"template":"","format":"standard","meta":{"_lmt_disableupdate":"","_lmt_disable":"","_jetpack_memberships_contains_paid_content":false,"footnotes":""},"categories":[109,47],"tags":[671],"class_list":["post-49853","post","type-post","status-publish","format-standard","has-post-thumbnail","hentry","category-minuto-a-minuto","category-zona-gris","tag-gustavo-diaz-sanchez"],"jetpack_featured_media_url":"https:\/\/zonaroja.com.mx\/wp-content\/uploads\/2021\/11\/Gustavo-Diaz-S.jpg","jetpack_sharing_enabled":true,"_links":{"self":[{"href":"https:\/\/zonaroja.com.mx\/index.php?rest_route=\/wp\/v2\/posts\/49853","targetHints":{"allow":["GET"]}}],"collection":[{"href":"https:\/\/zonaroja.com.mx\/index.php?rest_route=\/wp\/v2\/posts"}],"about":[{"href":"https:\/\/zonaroja.com.mx\/index.php?rest_route=\/wp\/v2\/types\/post"}],"author":[{"embeddable":true,"href":"https:\/\/zonaroja.com.mx\/index.php?rest_route=\/wp\/v2\/users\/2"}],"replies":[{"embeddable":true,"href":"https:\/\/zonaroja.com.mx\/index.php?rest_route=%2Fwp%2Fv2%2Fcomments&post=49853"}],"version-history":[{"count":2,"href":"https:\/\/zonaroja.com.mx\/index.php?rest_route=\/wp\/v2\/posts\/49853\/revisions"}],"predecessor-version":[{"id":49855,"href":"https:\/\/zonaroja.com.mx\/index.php?rest_route=\/wp\/v2\/posts\/49853\/revisions\/49855"}],"wp:featuredmedia":[{"embeddable":true,"href":"https:\/\/zonaroja.com.mx\/index.php?rest_route=\/wp\/v2\/media\/33955"}],"wp:attachment":[{"href":"https:\/\/zonaroja.com.mx\/index.php?rest_route=%2Fwp%2Fv2%2Fmedia&parent=49853"}],"wp:term":[{"taxonomy":"category","embeddable":true,"href":"https:\/\/zonaroja.com.mx\/index.php?rest_route=%2Fwp%2Fv2%2Fcategories&post=49853"},{"taxonomy":"post_tag","embeddable":true,"href":"https:\/\/zonaroja.com.mx\/index.php?rest_route=%2Fwp%2Fv2%2Ftags&post=49853"}],"curies":[{"name":"wp","href":"https:\/\/api.w.org\/{rel}","templated":true}]}}