{"id":49859,"date":"2022-12-30T16:10:17","date_gmt":"2022-12-30T22:10:17","guid":{"rendered":"http:\/\/www.zonaroja.com.mx\/?p=49859"},"modified":"2022-12-30T16:10:19","modified_gmt":"2022-12-30T22:10:19","slug":"en-plena-temporada-vacacional-secuestran-a-tres-turistas-en-huatulco","status":"publish","type":"post","link":"https:\/\/zonaroja.com.mx\/?p=49859","title":{"rendered":"En plena temporada vacacional, secuestran a tres turistas en Huatulco"},"content":{"rendered":"\n<p>Redacci\u00f3n\/Zona Roja.<\/p>\n\n\n\n<p>Oaxaca de Ju\u00e1rez, Oax., 30 de diciembre de 2022.- En plena temporada vacacional decembrina, tres personas de origen extranjero fueron v\u00edctimas de secuestro virtual en Bah\u00edas de Huatulco.<\/p>\n\n\n\n<p>La Fiscal\u00eda General del Estado de Oaxaca inform\u00f3 que, el 28 de diciembre del a\u00f1o en curso, fue recibida una denuncia que se\u00f1al\u00f3 que tres personas (dos adultos y un adolescente), hab\u00edan sido secuestrados en Santa Cruz Huatulco, lugar donde vacacionaban y por quienes exig\u00edan dinero para su liberaci\u00f3n.<\/p>\n\n\n\n<p>La Fiscal\u00eda tom\u00f3 conocimiento del caso de manera inmediata y la Vicefiscal\u00eda Regional de la Costa se activ\u00f3 los protocolos correspondientes a trav\u00e9s de la Agencia Estatal de Investigaciones (AEI) y la Unidad Especializadas en Combate al Secuestro (UECS), que trabajaron en coordinaci\u00f3n con las instancias de seguridad de los tres niveles de gobierno con las que se iniciaron las acciones y operativos necesarios para dar con&nbsp; el paradero de las v\u00edctimas.<\/p>\n\n\n\n<p>De esta forma se logr\u00f3 ubicar a las v\u00edctimas que estaban en un hotel ubicado en La Crucecita Huatulco, quienes fueron rescatadas y se estableci\u00f3 que se trat\u00f3 de un secuestro virtual.<\/p>\n\n\n\n<p>En un comunicado, dio a conocer que los afectados fueron turnados ante las instancias legales correspondientes y se inici\u00f3 la Carpeta de Investigaci\u00f3n en contra de quien o quienes resulten responsables.<\/p>\n\n\n\n<p>\u201cLa Fiscal\u00eda de Oaxaca tiene el compromiso irrestricto de investigar la comisi\u00f3n de los delitos contra la ciudadan\u00eda a fin de garantizar la seguridad y la paz social, adem\u00e1s del acceso pleno a la justicia\u201d, indic\u00f3.<\/p>\n","protected":false},"excerpt":{"rendered":"<p>Redacci\u00f3n\/Zona Roja. Oaxaca de Ju\u00e1rez, Oax., 30 de diciembre de 2022.- En plena temporada vacacional&hellip;<\/p>\n","protected":false},"author":2,"featured_media":33768,"comment_status":"closed","ping_status":"open","sticky":false,"template":"","format":"standard","meta":{"_lmt_disableupdate":"","_lmt_disable":"","_jetpack_memberships_contains_paid_content":false,"footnotes":""},"categories":[109,47],"tags":[1336],"class_list":["post-49859","post","type-post","status-publish","format-standard","has-post-thumbnail","hentry","category-minuto-a-minuto","category-zona-gris","tag-bahias-de-huatulco"],"jetpack_featured_media_url":"https:\/\/zonaroja.com.mx\/wp-content\/uploads\/2021\/10\/Extorsion-secuestro-delito.jpg","jetpack_sharing_enabled":true,"_links":{"self":[{"href":"https:\/\/zonaroja.com.mx\/index.php?rest_route=\/wp\/v2\/posts\/49859","targetHints":{"allow":["GET"]}}],"collection":[{"href":"https:\/\/zonaroja.com.mx\/index.php?rest_route=\/wp\/v2\/posts"}],"about":[{"href":"https:\/\/zonaroja.com.mx\/index.php?rest_route=\/wp\/v2\/types\/post"}],"author":[{"embeddable":true,"href":"https:\/\/zonaroja.com.mx\/index.php?rest_route=\/wp\/v2\/users\/2"}],"replies":[{"embeddable":true,"href":"https:\/\/zonaroja.com.mx\/index.php?rest_route=%2Fwp%2Fv2%2Fcomments&post=49859"}],"version-history":[{"count":1,"href":"https:\/\/zonaroja.com.mx\/index.php?rest_route=\/wp\/v2\/posts\/49859\/revisions"}],"predecessor-version":[{"id":49860,"href":"https:\/\/zonaroja.com.mx\/index.php?rest_route=\/wp\/v2\/posts\/49859\/revisions\/49860"}],"wp:featuredmedia":[{"embeddable":true,"href":"https:\/\/zonaroja.com.mx\/index.php?rest_route=\/wp\/v2\/media\/33768"}],"wp:attachment":[{"href":"https:\/\/zonaroja.com.mx\/index.php?rest_route=%2Fwp%2Fv2%2Fmedia&parent=49859"}],"wp:term":[{"taxonomy":"category","embeddable":true,"href":"https:\/\/zonaroja.com.mx\/index.php?rest_route=%2Fwp%2Fv2%2Fcategories&post=49859"},{"taxonomy":"post_tag","embeddable":true,"href":"https:\/\/zonaroja.com.mx\/index.php?rest_route=%2Fwp%2Fv2%2Ftags&post=49859"}],"curies":[{"name":"wp","href":"https:\/\/api.w.org\/{rel}","templated":true}]}}