{"id":4986,"date":"2019-10-20T18:31:33","date_gmt":"2019-10-20T23:31:33","guid":{"rendered":"http:\/\/www.zonaroja.com.mx\/?p=4986"},"modified":"2019-10-20T18:31:36","modified_gmt":"2019-10-20T23:31:36","slug":"documentan-mas-riesgos-de-defensores-de-tierra-y-territorio-en-oaxaca","status":"publish","type":"post","link":"https:\/\/zonaroja.com.mx\/?p=4986","title":{"rendered":"Documentan m\u00e1s riesgos de defensores de tierra y territorio en Oaxaca"},"content":{"rendered":"\n<p>Redacci\u00f3n\/Zona Roja.<\/p>\n\n\n\n<p>Oaxaca de Ju\u00e1rez, Oax., 20 de octubre\nde 2019.- Organismos civiles nacionales e internacionales constataron que\npersisten riesgos en contra de quienes defienden la tierra y el territorio en\nla regi\u00f3n del Istmo de Tehuantepec.<\/p>\n\n\n\n<p>Durante tres d\u00edas, la Misi\u00f3n\nInternacional de Observaci\u00f3n y Documentaci\u00f3n de la Situaci\u00f3n de Personas\nDefensoras de Derechos Humanos en Oaxaca recorri\u00f3 comunidades de la zona para\ndialogar con quienes se oponen a la instalaci\u00f3n de proyectos estrat\u00e9gicos.<\/p>\n\n\n\n<p>En el tercer d\u00eda, estuvieron en el\nmunicipio de Uni\u00f3n Hidalgo y en la localidad de Cerro Grande, de San Francisco\nIxhuat\u00e1n.<\/p>\n\n\n\n<p>Por la ma\u00f1ana, representantes de la\nembajada de Alemania en M\u00e9xico, organizaciones internacionales y nacionales,\nas\u00ed como medios de comunicaci\u00f3n se encontraron con defensoras y defensores de\nUni\u00f3n Hidalgo para compartir acerca de los retos y mecanismos de resistencia\nfrente al riesgo de imposici\u00f3n de nuevos proyectos e\u00f3licos en la zona.<\/p>\n\n\n\n<p>Participaron la Asamblea de Comuneros y\nla organizaci\u00f3n de Mujeres Ind\u00edgenas Defendiendo la Vida, quienes destacaron la\nparticipaci\u00f3n y rol clave de las mujeres en estos procesos organizativos.<\/p>\n\n\n\n<p>En la tarde se visit\u00f3 a la comunidad de\nCerro Grande, en San Francisco Ixhuat\u00e1n. Presenciaron la inauguraci\u00f3n de la\nCasa de Cultura, proyecto impulsado por el defensor Luis Armando Fuentes\nAquino, asesinado el pasado 11 de abril del presente a\u00f1o como represalia a su\nlabor de defensa de la tierra y el territorio en particular frente a proyectos\nde miner\u00eda.<\/p>\n\n\n\n<p>La v\u00edspera recorrieron diversos lugares\nde Juchit\u00e1n de Zaragoza y por la tarde se realiz\u00f3 el conversatorio \u201cSituaci\u00f3n\nde personas defensoras de&nbsp; derechos\nhumanos en defensa de su territorio en el Istmo de Tehuantepec: Contexto, retos\ny herramientas para la protecci\u00f3n\u201d.<\/p>\n\n\n\n<p>En ese encuentro participaron personas\ndefensoras de derechos humanos de 12 pueblos y comunidades del Istmo de\nTehuantepec:&nbsp; Uni\u00f3n Hidalgo, Santa Mar\u00eda\nMixtequilla, San Mateo del Mar, Asunci\u00f3n Ixtaltepec, Juchit\u00e1n, Puente Madera\n(San Blas Atempa), Salina Cruz, Tehuantepec, Cerro Grande (San Francisco\nIxhuat\u00e1n), Zanatepec e Ixtepec.<\/p>\n\n\n\n<p>En este espacio se estableci\u00f3 un mapeo\nde la situaci\u00f3n y se denunci\u00f3 como el extractivismo de empresas internacionales\nque ha ido operando en la regi\u00f3n con la anuencia gubernamental imponiendo\nproyectos e\u00f3licos y concesiones mineras violando los derechos de los pueblos.<\/p>\n\n\n\n<p>Las personas defensoras alertaron sobre\nlos graves impactos que ha significado la defensa de la tierra y el territorio;\nefectivamente enfrentan ataques sistem\u00e1ticos como lo son la criminalizaci\u00f3n, la\ndifamaci\u00f3n, el hostigamiento, las amenazas, las desapariciones, las detenciones\narbitrarias y los asesinatos.<\/p>\n","protected":false},"excerpt":{"rendered":"<p>Redacci\u00f3n\/Zona Roja. Oaxaca de Ju\u00e1rez, Oax., 20 de octubre de 2019.- Organismos civiles nacionales e&hellip;<\/p>\n","protected":false},"author":2,"featured_media":4987,"comment_status":"closed","ping_status":"open","sticky":false,"template":"","format":"standard","meta":{"_lmt_disableupdate":"","_lmt_disable":"","_jetpack_memberships_contains_paid_content":false,"footnotes":""},"categories":[109,47],"tags":[892],"class_list":["post-4986","post","type-post","status-publish","format-standard","has-post-thumbnail","hentry","category-minuto-a-minuto","category-zona-gris","tag-defensores-comunitarios-istmo"],"jetpack_featured_media_url":"https:\/\/zonaroja.com.mx\/wp-content\/uploads\/2019\/10\/Misio\u0301n-Todxs.jpg","jetpack_sharing_enabled":true,"_links":{"self":[{"href":"https:\/\/zonaroja.com.mx\/index.php?rest_route=\/wp\/v2\/posts\/4986","targetHints":{"allow":["GET"]}}],"collection":[{"href":"https:\/\/zonaroja.com.mx\/index.php?rest_route=\/wp\/v2\/posts"}],"about":[{"href":"https:\/\/zonaroja.com.mx\/index.php?rest_route=\/wp\/v2\/types\/post"}],"author":[{"embeddable":true,"href":"https:\/\/zonaroja.com.mx\/index.php?rest_route=\/wp\/v2\/users\/2"}],"replies":[{"embeddable":true,"href":"https:\/\/zonaroja.com.mx\/index.php?rest_route=%2Fwp%2Fv2%2Fcomments&post=4986"}],"version-history":[{"count":1,"href":"https:\/\/zonaroja.com.mx\/index.php?rest_route=\/wp\/v2\/posts\/4986\/revisions"}],"predecessor-version":[{"id":4988,"href":"https:\/\/zonaroja.com.mx\/index.php?rest_route=\/wp\/v2\/posts\/4986\/revisions\/4988"}],"wp:featuredmedia":[{"embeddable":true,"href":"https:\/\/zonaroja.com.mx\/index.php?rest_route=\/wp\/v2\/media\/4987"}],"wp:attachment":[{"href":"https:\/\/zonaroja.com.mx\/index.php?rest_route=%2Fwp%2Fv2%2Fmedia&parent=4986"}],"wp:term":[{"taxonomy":"category","embeddable":true,"href":"https:\/\/zonaroja.com.mx\/index.php?rest_route=%2Fwp%2Fv2%2Fcategories&post=4986"},{"taxonomy":"post_tag","embeddable":true,"href":"https:\/\/zonaroja.com.mx\/index.php?rest_route=%2Fwp%2Fv2%2Ftags&post=4986"}],"curies":[{"name":"wp","href":"https:\/\/api.w.org\/{rel}","templated":true}]}}