{"id":49861,"date":"2022-12-30T16:37:41","date_gmt":"2022-12-30T22:37:41","guid":{"rendered":"http:\/\/www.zonaroja.com.mx\/?p=49861"},"modified":"2022-12-30T16:37:43","modified_gmt":"2022-12-30T22:37:43","slug":"sigue-intensa-la-roja-primavera-hoy-dos-asesinados-a-balazos","status":"publish","type":"post","link":"https:\/\/zonaroja.com.mx\/?p=49861","title":{"rendered":"Sigue intensa la \u201croja primavera\u201d: hoy dos asesinados a balazos"},"content":{"rendered":"\n<p>Redacci\u00f3n\/Zona Roja.<\/p>\n\n\n\n<p>Oaxaca de Ju\u00e1rez, Oax., a 30 de diciembre de 2022.- El primer mes del gobierno de Salom\u00f3n Jara Cruz va cerrando como inici\u00f3: con cr\u00edmenes.<\/p>\n\n\n\n<p>Este jueves, dos personas fueron asesinadas a balazos, en las regiones Mixteca y Valles Centrales.<\/p>\n\n\n\n<p>En el \u201cbaratillo\u201d, zona de venta de animales dom\u00e9sticos, de San Antonino Castillo Velasco, Ocotl\u00e1n, fue ultimado un ganadero originario de Tecamachalco, Puebla.<\/p>\n\n\n\n<p>El hombre acudi\u00f3 a realizar la venta de varias cabezas de ganado cuando arribaron al menos dos sujetos encapuchados que le pidieron dinero; el hoy occiso, identificado como Raymundo M. C., de 56 a\u00f1os de edad, no opuso resistencia y les entreg\u00f3 una bolsa con efectivo.<\/p>\n\n\n\n<p>Pero tras ello los delincuentes comenzaron a disparar, y mataron al ganadero, mientras que el chofer de \u00e9ste, J. L. M., de 26 a\u00f1os de edad, logr\u00f3 ponerse a salvo. Hasta el momento no hay pistas de los autores del crimen.<\/p>\n\n\n\n<p>Mientras que en la Heroica Ciudad de Tlaxiaco, alrededor de las 13:30 horas mataron con disparos de arma de fuego a un individuo, en la calle Le\u00f3n del Barrio San Diego.<\/p>\n\n\n\n<p>El hombre caminaba por la calle cuando fue ultimado y por el momento no se han dado a conocer los datos de su identidad. En este caso tampoco hay personas detenidas.<\/p>\n\n\n\n<p><\/p>\n","protected":false},"excerpt":{"rendered":"<p>Redacci\u00f3n\/Zona Roja. Oaxaca de Ju\u00e1rez, Oax., a 30 de diciembre de 2022.- El primer mes&hellip;<\/p>\n","protected":false},"author":2,"featured_media":49862,"comment_status":"closed","ping_status":"open","sticky":false,"template":"","format":"standard","meta":{"_lmt_disableupdate":"","_lmt_disable":"","_jetpack_memberships_contains_paid_content":false,"footnotes":""},"categories":[109,51],"tags":[643,200],"class_list":["post-49861","post","type-post","status-publish","format-standard","has-post-thumbnail","hentry","category-minuto-a-minuto","category-zona-roja","tag-heroica-ciudad-de-tlaxiaco","tag-san-antonino-castillo-velasco"],"jetpack_featured_media_url":"https:\/\/zonaroja.com.mx\/wp-content\/uploads\/2022\/12\/Asesinado-San-Antonino-Castillo-Velasco.jpeg","jetpack_sharing_enabled":true,"_links":{"self":[{"href":"https:\/\/zonaroja.com.mx\/index.php?rest_route=\/wp\/v2\/posts\/49861","targetHints":{"allow":["GET"]}}],"collection":[{"href":"https:\/\/zonaroja.com.mx\/index.php?rest_route=\/wp\/v2\/posts"}],"about":[{"href":"https:\/\/zonaroja.com.mx\/index.php?rest_route=\/wp\/v2\/types\/post"}],"author":[{"embeddable":true,"href":"https:\/\/zonaroja.com.mx\/index.php?rest_route=\/wp\/v2\/users\/2"}],"replies":[{"embeddable":true,"href":"https:\/\/zonaroja.com.mx\/index.php?rest_route=%2Fwp%2Fv2%2Fcomments&post=49861"}],"version-history":[{"count":1,"href":"https:\/\/zonaroja.com.mx\/index.php?rest_route=\/wp\/v2\/posts\/49861\/revisions"}],"predecessor-version":[{"id":49863,"href":"https:\/\/zonaroja.com.mx\/index.php?rest_route=\/wp\/v2\/posts\/49861\/revisions\/49863"}],"wp:featuredmedia":[{"embeddable":true,"href":"https:\/\/zonaroja.com.mx\/index.php?rest_route=\/wp\/v2\/media\/49862"}],"wp:attachment":[{"href":"https:\/\/zonaroja.com.mx\/index.php?rest_route=%2Fwp%2Fv2%2Fmedia&parent=49861"}],"wp:term":[{"taxonomy":"category","embeddable":true,"href":"https:\/\/zonaroja.com.mx\/index.php?rest_route=%2Fwp%2Fv2%2Fcategories&post=49861"},{"taxonomy":"post_tag","embeddable":true,"href":"https:\/\/zonaroja.com.mx\/index.php?rest_route=%2Fwp%2Fv2%2Ftags&post=49861"}],"curies":[{"name":"wp","href":"https:\/\/api.w.org\/{rel}","templated":true}]}}