{"id":49864,"date":"2022-12-30T19:30:26","date_gmt":"2022-12-31T01:30:26","guid":{"rendered":"http:\/\/www.zonaroja.com.mx\/?p=49864"},"modified":"2022-12-30T19:30:28","modified_gmt":"2022-12-31T01:30:28","slug":"covid-al-alza-en-oaxaca-532-casos-nuevos-y-5-decesos","status":"publish","type":"post","link":"https:\/\/zonaroja.com.mx\/?p=49864","title":{"rendered":"Covid al alza en Oaxaca: 532 casos nuevos y 5 decesos"},"content":{"rendered":"\n<p>Redacci\u00f3n\/Zona Roja.&nbsp;<\/p>\n\n\n\n<p>Oaxaca de Ju\u00e1rez, Oax., a 30 de diciembre de 2022.-Los Servicios de Salud de Oaxaca (SSO) informaron que, durante el per\u00edodo comprendido del 23 al 29 de diciembre, la entidad registr\u00f3 un acumulado de 151 mil 354 casos confirmados del virus SARS-CoV-2, de los cuales 532 se contabilizaron en los \u00faltimos siete d\u00edas.<\/p>\n\n\n\n<p>De acuerdo al nivel nacional, Oaxaca se ubica en el lugar n\u00famero 25, seg\u00fan la tasa de casos activos y por debajo de la media nacional, detall\u00f3 la dependencia.<\/p>\n\n\n\n<p>Ante este panorama, los SSO hacen un llamado a la poblaci\u00f3n a reforzar las medidas de prevenci\u00f3n con el uso del cubrebocas, especialmente en espacios cerrados; lavado de manos con agua y jab\u00f3n de manera constante; priorizar los lugares con ventilaci\u00f3n, practicar la etiqueta respiratoria al toser o estornudar.<\/p>\n\n\n\n<p>Del global de defunciones por Covid-19 desde el inicio de la pandemia a la fecha, de seis mil 363, en el \u00faltimo corte se notificaron cinco decesos a causa de esta patolog\u00eda respiratoria. Cabe destacar que, de los cinco fallecimientos, cuatro de los pacientes presentaban comorbilidades como: diabetes, obesidad, asma y enfermedad renal cr\u00f3nica.<\/p>\n\n\n\n<p>Por Jurisdicci\u00f3n Sanitaria, Valles Centrales contabiliza 366 casos activos, Istmo 216, Costa 87, Tuxtepec 47, Mixteca 12 y Sierra siete; para un total de 735 casos activos, distribuidos en 80 municipios de la entidad.<\/p>\n\n\n\n<figure class=\"wp-block-embed is-type-rich is-provider-twitter wp-block-embed-twitter\"><div class=\"wp-block-embed__wrapper\">\n<div class=\"twitter-tweet\"><blockquote class=\"twitter-tweet\" data-lang=\"es\"><p lang=\"es\" dir=\"ltr\">Durante el per\u00edodo comprendido del 23 al 29 de diciembre, la entidad registr\u00f3 un acumulado de 151 mil 354 casos confirmados de <a href=\"https:\/\/twitter.com\/hashtag\/COVID?src=hash&amp;ref_src=twsrc%5Etfw\">#COVID<\/a>-19, de los cuales, 532 se contabilizaron en los \u00faltimos d\u00edas; y cinco lamentables defunciones, cuatro de ellos presentaban comorbilidades. <a href=\"https:\/\/t.co\/DTTCUbNJbM\">pic.twitter.com\/DTTCUbNJbM<\/a><\/p>&mdash; Servicios de Salud (@SSO_GobOax) <a href=\"https:\/\/twitter.com\/SSO_GobOax\/status\/1608978470331371520?ref_src=twsrc%5Etfw\">31 de diciembre de 2022<\/a><\/blockquote><\/div>\n<\/div><\/figure>\n","protected":false},"excerpt":{"rendered":"<p>Redacci\u00f3n\/Zona Roja.&nbsp; Oaxaca de Ju\u00e1rez, Oax., a 30 de diciembre de 2022.-Los Servicios de Salud&hellip;<\/p>\n","protected":false},"author":2,"featured_media":49865,"comment_status":"closed","ping_status":"open","sticky":false,"template":"","format":"standard","meta":{"_lmt_disableupdate":"","_lmt_disable":"","_jetpack_memberships_contains_paid_content":false,"footnotes":""},"categories":[109,47],"tags":[1512],"class_list":["post-49864","post","type-post","status-publish","format-standard","has-post-thumbnail","hentry","category-minuto-a-minuto","category-zona-gris","tag-coronavirus-oaxaca"],"jetpack_featured_media_url":"https:\/\/zonaroja.com.mx\/wp-content\/uploads\/2022\/12\/zocalo-y-palacio-Oaxaca.jpg","jetpack_sharing_enabled":true,"_links":{"self":[{"href":"https:\/\/zonaroja.com.mx\/index.php?rest_route=\/wp\/v2\/posts\/49864","targetHints":{"allow":["GET"]}}],"collection":[{"href":"https:\/\/zonaroja.com.mx\/index.php?rest_route=\/wp\/v2\/posts"}],"about":[{"href":"https:\/\/zonaroja.com.mx\/index.php?rest_route=\/wp\/v2\/types\/post"}],"author":[{"embeddable":true,"href":"https:\/\/zonaroja.com.mx\/index.php?rest_route=\/wp\/v2\/users\/2"}],"replies":[{"embeddable":true,"href":"https:\/\/zonaroja.com.mx\/index.php?rest_route=%2Fwp%2Fv2%2Fcomments&post=49864"}],"version-history":[{"count":1,"href":"https:\/\/zonaroja.com.mx\/index.php?rest_route=\/wp\/v2\/posts\/49864\/revisions"}],"predecessor-version":[{"id":49866,"href":"https:\/\/zonaroja.com.mx\/index.php?rest_route=\/wp\/v2\/posts\/49864\/revisions\/49866"}],"wp:featuredmedia":[{"embeddable":true,"href":"https:\/\/zonaroja.com.mx\/index.php?rest_route=\/wp\/v2\/media\/49865"}],"wp:attachment":[{"href":"https:\/\/zonaroja.com.mx\/index.php?rest_route=%2Fwp%2Fv2%2Fmedia&parent=49864"}],"wp:term":[{"taxonomy":"category","embeddable":true,"href":"https:\/\/zonaroja.com.mx\/index.php?rest_route=%2Fwp%2Fv2%2Fcategories&post=49864"},{"taxonomy":"post_tag","embeddable":true,"href":"https:\/\/zonaroja.com.mx\/index.php?rest_route=%2Fwp%2Fv2%2Ftags&post=49864"}],"curies":[{"name":"wp","href":"https:\/\/api.w.org\/{rel}","templated":true}]}}