{"id":49872,"date":"2022-12-31T10:33:00","date_gmt":"2022-12-31T16:33:00","guid":{"rendered":"http:\/\/www.zonaroja.com.mx\/?p=49872"},"modified":"2022-12-31T06:43:30","modified_gmt":"2022-12-31T12:43:30","slug":"amaga-la-seccion-22-con-tomar-el-issste-en-la-costa","status":"publish","type":"post","link":"https:\/\/zonaroja.com.mx\/?p=49872","title":{"rendered":"Amaga la Secci\u00f3n 22 con \u201ctomar\u201d el ISSSTE en la Costa"},"content":{"rendered":"\n<p>Ismael Garc\u00eda\/Zona Roja.<\/p>\n\n\n\n<p>Oaxaca de Ju\u00e1rez, Oax., a 31 de diciembre de 2022.- En el pen\u00faltimo d\u00eda del a\u00f1o, el sectorial Costa de la Secci\u00f3n 22 del Sindicato Nacional de Trabajadores de la Educaci\u00f3n \/SNTE) amag\u00f3 con \u201ctomar\u201d la sede del ISSSTE en la regi\u00f3n e iniciar el 2023 con protestas.<\/p>\n\n\n\n<p>Este viernes, una representaci\u00f3n de la gremial sostuvo una reuni\u00f3n de trabajo con el subdirector de la cl\u00ednica de dicha instituci\u00f3n federal, Rolando Matus Padilla, con la finalidad de exigir una atenci\u00f3n digna y \u00e1gil a los derechohabientes.<\/p>\n\n\n\n<p>Al fijar el posicionamiento pol\u00edtico ante el funcionario federal, se reservaron el derecho de accionar al tiempo, que &nbsp;pidieron la destituci\u00f3n del personal que no cumpla con su labor ante los derechohabientes.<\/p>\n\n\n\n<p>El encuentro fue encabezado por el representante sectorial de la Secci\u00f3n 22 en Puerto Escondido, \u00c1lvaro Mart\u00ednez Santiago, quien expuso ante el funcionario del ISSSTE las vejaciones que son v\u00edctimas los trabajadores de la educaci\u00f3n.<\/p>\n\n\n\n<p>Pues adem\u00e1s del mal trato les dan largos plazos para la atenci\u00f3n m\u00e9dica y en muchas de las ocasiones no hay los medicamentos necesarios en tanto que las cirug\u00edas se programan con tardanza de varios meses.<\/p>\n\n\n\n<p>El responsable del ISSSTE en la zona se comprometi\u00f3 a mejorar la atenci\u00f3n tanto a docentes como a los derechohabientes en general.<\/p>\n","protected":false},"excerpt":{"rendered":"<p>Ismael Garc\u00eda\/Zona Roja. Oaxaca de Ju\u00e1rez, Oax., a 31 de diciembre de 2022.- En el&hellip;<\/p>\n","protected":false},"author":2,"featured_media":49874,"comment_status":"closed","ping_status":"open","sticky":false,"template":"","format":"standard","meta":{"_lmt_disableupdate":"","_lmt_disable":"","_jetpack_memberships_contains_paid_content":false,"footnotes":""},"categories":[109,47],"tags":[312],"class_list":["post-49872","post","type-post","status-publish","format-standard","has-post-thumbnail","hentry","category-minuto-a-minuto","category-zona-gris","tag-seccion-22-del-snte"],"jetpack_featured_media_url":"https:\/\/zonaroja.com.mx\/wp-content\/uploads\/2022\/12\/Protesta-Seccion-22-Costa-Oaxaca.jpg","jetpack_sharing_enabled":true,"_links":{"self":[{"href":"https:\/\/zonaroja.com.mx\/index.php?rest_route=\/wp\/v2\/posts\/49872","targetHints":{"allow":["GET"]}}],"collection":[{"href":"https:\/\/zonaroja.com.mx\/index.php?rest_route=\/wp\/v2\/posts"}],"about":[{"href":"https:\/\/zonaroja.com.mx\/index.php?rest_route=\/wp\/v2\/types\/post"}],"author":[{"embeddable":true,"href":"https:\/\/zonaroja.com.mx\/index.php?rest_route=\/wp\/v2\/users\/2"}],"replies":[{"embeddable":true,"href":"https:\/\/zonaroja.com.mx\/index.php?rest_route=%2Fwp%2Fv2%2Fcomments&post=49872"}],"version-history":[{"count":1,"href":"https:\/\/zonaroja.com.mx\/index.php?rest_route=\/wp\/v2\/posts\/49872\/revisions"}],"predecessor-version":[{"id":49875,"href":"https:\/\/zonaroja.com.mx\/index.php?rest_route=\/wp\/v2\/posts\/49872\/revisions\/49875"}],"wp:featuredmedia":[{"embeddable":true,"href":"https:\/\/zonaroja.com.mx\/index.php?rest_route=\/wp\/v2\/media\/49874"}],"wp:attachment":[{"href":"https:\/\/zonaroja.com.mx\/index.php?rest_route=%2Fwp%2Fv2%2Fmedia&parent=49872"}],"wp:term":[{"taxonomy":"category","embeddable":true,"href":"https:\/\/zonaroja.com.mx\/index.php?rest_route=%2Fwp%2Fv2%2Fcategories&post=49872"},{"taxonomy":"post_tag","embeddable":true,"href":"https:\/\/zonaroja.com.mx\/index.php?rest_route=%2Fwp%2Fv2%2Ftags&post=49872"}],"curies":[{"name":"wp","href":"https:\/\/api.w.org\/{rel}","templated":true}]}}