{"id":49876,"date":"2022-12-31T07:45:00","date_gmt":"2022-12-31T13:45:00","guid":{"rendered":"http:\/\/www.zonaroja.com.mx\/?p=49876"},"modified":"2022-12-31T06:51:06","modified_gmt":"2022-12-31T12:51:06","slug":"asciende-a-15-las-personas-fallecidas-por-accidente-en-nayarit","status":"publish","type":"post","link":"https:\/\/zonaroja.com.mx\/?p=49876","title":{"rendered":"Asciende a 15 las personas fallecidas por accidente en Nayarit"},"content":{"rendered":"\n<p>Redacci\u00f3n\/Zona Roja Cdmx.<\/p>\n\n\n\n<p>Ciudad de M\u00e9xico, a 31 de diciembre de 2022.- Al menos 15 personas murieron y 24 quedaron heridas cuando el autob\u00fas en el que viajaban volc\u00f3 y cay\u00f3 a un barranco ubicado en el kil\u00f3metro 54 de la autopista Jala-Compostela, en Nayarit, informaron autoridades locales.<\/p>\n\n\n\n<p>El accidente ocurri\u00f3 alrededor de las 17:30 horas de ayer, cerca del poblado Felipe Carrillo Puerto, municipio de Compostela.&nbsp;<\/p>\n\n\n\n<p>Seg\u00fan versiones de algunos sobrevivientes el operador conduc\u00eda a exceso de velocidad y perdi\u00f3 el control de la unidad. Extraoficialmente se dio a conocer que se trataba de una sola familia y amistades que habr\u00edan contratado el cami\u00f3n de servicio tur\u00edstico.<\/p>\n\n\n\n<p>Reportes de la polic\u00eda indican que el autob\u00fas se dirig\u00eda a Le\u00f3n, Guanajuato, luego de que los pasajeros visitaron la playa Los Ayala, en el poblado de Rinc\u00f3n de Guayabitos, casi 100 kil\u00f3metros al sur de Tepic.<\/p>\n\n\n\n<p>La Secretar\u00eda de Seguridad y Protecci\u00f3n Ciudadana inform\u00f3 que los lesionados fueron trasladados a hospitales de la capital del estado y de Ixtl\u00e1n.<\/p>\n\n\n\n<p>OTRO PERCANCE<\/p>\n\n\n\n<p>Por otra parte, seis jornaleros agr\u00edcolas que laboraban en la pisca de chile serrano, entre ellos tres mujeres, fallecieron, y otros cinco resultaron gravemente heridos, cuando la camioneta que los transportaba fue embestida por el tr\u00e1iler en la carretera federal 80, a la altura del municipio de Altamira, Tamaulipas.<\/p>\n\n\n\n<p>De acuerdo con el reporte policiaco, el accidente ocurri\u00f3 a las 07:40 de la ma\u00f1ana del viernes, en el kil\u00f3metro 45 del tramo Tampico-Ciudad Mante, y las inmediaciones del ejido Vega de Esteros.<\/p>\n\n\n\n<p>Un tractocami\u00f3n que circulaba a exceso de velocidad, pese a que hab\u00eda densa neblina, impact\u00f3 por alcance una camioneta Chevrolet, doble cabina, en cuya caja viajan los trabajadores del campo, a un predio localizado en estaci\u00f3n Villa Cuauht\u00e9moc.<\/p>\n\n\n\n<p>(Informaci\u00f3n de \u201cLa Jornada\u201d)<\/p>\n","protected":false},"excerpt":{"rendered":"<p>Redacci\u00f3n\/Zona Roja Cdmx. Ciudad de M\u00e9xico, a 31 de diciembre de 2022.- Al menos 15&hellip;<\/p>\n","protected":false},"author":2,"featured_media":49873,"comment_status":"closed","ping_status":"open","sticky":false,"template":"","format":"standard","meta":{"_lmt_disableupdate":"","_lmt_disable":"","_jetpack_memberships_contains_paid_content":false,"footnotes":""},"categories":[109,51],"tags":[3261],"class_list":["post-49876","post","type-post","status-publish","format-standard","has-post-thumbnail","hentry","category-minuto-a-minuto","category-zona-roja","tag-nayarit"],"jetpack_featured_media_url":"https:\/\/zonaroja.com.mx\/wp-content\/uploads\/2022\/12\/Accidente-autobus-Nayarit-.jpg","jetpack_sharing_enabled":true,"_links":{"self":[{"href":"https:\/\/zonaroja.com.mx\/index.php?rest_route=\/wp\/v2\/posts\/49876","targetHints":{"allow":["GET"]}}],"collection":[{"href":"https:\/\/zonaroja.com.mx\/index.php?rest_route=\/wp\/v2\/posts"}],"about":[{"href":"https:\/\/zonaroja.com.mx\/index.php?rest_route=\/wp\/v2\/types\/post"}],"author":[{"embeddable":true,"href":"https:\/\/zonaroja.com.mx\/index.php?rest_route=\/wp\/v2\/users\/2"}],"replies":[{"embeddable":true,"href":"https:\/\/zonaroja.com.mx\/index.php?rest_route=%2Fwp%2Fv2%2Fcomments&post=49876"}],"version-history":[{"count":1,"href":"https:\/\/zonaroja.com.mx\/index.php?rest_route=\/wp\/v2\/posts\/49876\/revisions"}],"predecessor-version":[{"id":49877,"href":"https:\/\/zonaroja.com.mx\/index.php?rest_route=\/wp\/v2\/posts\/49876\/revisions\/49877"}],"wp:featuredmedia":[{"embeddable":true,"href":"https:\/\/zonaroja.com.mx\/index.php?rest_route=\/wp\/v2\/media\/49873"}],"wp:attachment":[{"href":"https:\/\/zonaroja.com.mx\/index.php?rest_route=%2Fwp%2Fv2%2Fmedia&parent=49876"}],"wp:term":[{"taxonomy":"category","embeddable":true,"href":"https:\/\/zonaroja.com.mx\/index.php?rest_route=%2Fwp%2Fv2%2Fcategories&post=49876"},{"taxonomy":"post_tag","embeddable":true,"href":"https:\/\/zonaroja.com.mx\/index.php?rest_route=%2Fwp%2Fv2%2Ftags&post=49876"}],"curies":[{"name":"wp","href":"https:\/\/api.w.org\/{rel}","templated":true}]}}