{"id":49878,"date":"2022-12-31T13:54:00","date_gmt":"2022-12-31T19:54:00","guid":{"rendered":"http:\/\/www.zonaroja.com.mx\/?p=49878"},"modified":"2022-12-31T06:57:16","modified_gmt":"2022-12-31T12:57:16","slug":"ano-nuevo-complicado-por-encarecimiento-de-productos","status":"publish","type":"post","link":"https:\/\/zonaroja.com.mx\/?p=49878","title":{"rendered":"A\u00f1o Nuevo \u201ccomplicado\u201d por encarecimiento de productos"},"content":{"rendered":"\n<p>Redacci\u00f3n\/Zona Roja Cdmx.<\/p>\n\n\n\n<p>Ciudad de M\u00e9xico, a 31 de diciembre de 2022.- El inicio de 2023 ser\u00e1 \u201ccomplicado\u201d para las familias mexicanas, pues se prev\u00e9 un encarecimiento de productos y servicios como consecuencia del aumento del salario m\u00ednimo, de las pensiones, de m\u00e1s d\u00edas de vacaciones, as\u00ed como ajustes al impuesto de consumo de combustibles.<\/p>\n\n\n\n<p>Cuauht\u00e9moc Rivera, presidente de la Asociaci\u00f3n Nacional de Peque\u00f1os Comerciantes (Anpec), coment\u00f3 a \u201cLa Jornada\u201d que indudablemente el incremento del 20 por ciento al minisalario a partir del primero de enero, la mayor aportaci\u00f3n para la pensi\u00f3n de los trabajadores y el elevado costo del dinero pues la tasa de inter\u00e9s del Banco de M\u00e9xico (BdeM) se ubica en 10.5 por ciento, \u201cva a elevar el costo de los procesos productivos\u201d.<\/p>\n\n\n\n<p>Ante esto algunas peque\u00f1as y medianas empresas ya han comunicado a sus clientes que no pueden seguir absorbiendo la totalidad de los costos y comenzar\u00e1n a trasladarlos a los precios de servicios o productos que ofrecen.<\/p>\n\n\n\n<p>Homero L\u00f3pez Garc\u00eda, presidente del Consejo Nacional de la Tortilla, adelant\u00f3 que en enero el precio de este alimento de ma\u00edz se ubicar\u00e1 en promedio entre 26 y 28 pesos el kilo en todo el pa\u00eds, pero puede llegar hasta 30 pesos en el primer semestre.<\/p>\n\n\n\n<p>Rivera se\u00f1al\u00f3 que a los factores internos, se suma la eventual recesi\u00f3n econ\u00f3mica de Estados Unidos y la guerra en Ucrania. Coment\u00f3 que esta coyuntura \u201cdeterminar\u00e1 el que este 2023 tenga un arranque complicado, una cuesta de enero que se convertir\u00e1 en pendiente\u201d.<\/p>\n\n\n\n<p>Record\u00f3 que en la primera quincena de diciembre la inflaci\u00f3n general a tasa anual fue de 7.77 por ciento, dato que mostr\u00f3 un repunte. \u201cLa inflaci\u00f3n alimentaria sigue incrementando el precio de los alimentos de la canasta b\u00e1sica, impidiendo as\u00ed que el Paquete contra la inflaci\u00f3n y la carest\u00eda logre su cometido de controlar o atemperar los precios de 24 productos.<\/p>\n\n\n\n<p>\u201cToda la fotograf\u00eda completa nos da para poder pronosticar que ciertamente este 2023 va a ser un a\u00f1o complicado.\u201d<\/p>\n\n\n\n<p>Insisti\u00f3 que la econom\u00eda mexicana a\u00fan sentir\u00e1 el flagelo de la inflaci\u00f3n con el incremento de precios de los alimentos, el costo de los servicios y energ\u00e9ticos.<\/p>\n\n\n\n<p>\u201cSer\u00e1 un a\u00f1o todav\u00eda complicado para la inflaci\u00f3n, si bien podr\u00edamos comenzar a ver un punto de inflexi\u00f3n, porque ya baj\u00f3 de 8 por ciento, sin embargo, hubo un peque\u00f1o repunte del 7.7 en el \u00faltimo dato, la inflaci\u00f3n sigue asociada a un tema global\u201d, dijo Humberto Calzada D\u00edaz, economista en Jefe de Rankia Latinoam\u00e9rica.<\/p>\n\n\n\n<p>Pese a ello coment\u00f3 que no prev\u00e9n que los cambios laborales, la actualizaci\u00f3n del IEPS a combustibles y otros productos pesen en el tema inflacionario, porque este obedece a factores externos.<\/p>\n\n\n\n<p>Explic\u00f3 que se prev\u00e9 un descenso de la inflaci\u00f3n al cierre del otro a\u00f1o, pero a\u00fan estar\u00e1 lejos de la meta del banco central mexicano que es 3 por ciento, con un intervalo de un punto porcentual hacia arriba o hacia abajo.<\/p>\n\n\n\n<p>\u201cDesde nuestra perspectiva creemos que 2023 cerrar\u00e1 en torno a 5 por ciento, pero insistimos que los riesgos y los principales factores vienen del exterior.\u201d<\/p>\n\n\n\n<p>Anot\u00f3 que a pesar de los esfuerzos con el Pacic, \u201cno han impactado de manera considerable en el descenso de los precios\u201d.<\/p>\n\n\n\n<p>Por su parte, L\u00f3pez Garc\u00eda destac\u00f3 que en Veracruz el kilo de tortilla pas\u00f3 de 24 a casi 27 pesos, mientras en otras entidades est\u00e1 cercano a los 28 pesos, aunque en el estado de M\u00e9xico y la capital del pa\u00eds se encuentra en 22 pesos.<\/p>\n\n\n\n<p>(Informaci\u00f3n de \u201cLa Jornada\u201d)<\/p>\n","protected":false},"excerpt":{"rendered":"<p>Redacci\u00f3n\/Zona Roja Cdmx. Ciudad de M\u00e9xico, a 31 de diciembre de 2022.- El inicio de&hellip;<\/p>\n","protected":false},"author":2,"featured_media":15555,"comment_status":"closed","ping_status":"open","sticky":false,"template":"","format":"standard","meta":{"_lmt_disableupdate":"","_lmt_disable":"","_jetpack_memberships_contains_paid_content":false,"footnotes":""},"categories":[109,47],"tags":[],"class_list":["post-49878","post","type-post","status-publish","format-standard","has-post-thumbnail","hentry","category-minuto-a-minuto","category-zona-gris"],"jetpack_featured_media_url":"https:\/\/zonaroja.com.mx\/wp-content\/uploads\/2020\/07\/Canasta-b\u00e1sica.jpg","jetpack_sharing_enabled":true,"_links":{"self":[{"href":"https:\/\/zonaroja.com.mx\/index.php?rest_route=\/wp\/v2\/posts\/49878","targetHints":{"allow":["GET"]}}],"collection":[{"href":"https:\/\/zonaroja.com.mx\/index.php?rest_route=\/wp\/v2\/posts"}],"about":[{"href":"https:\/\/zonaroja.com.mx\/index.php?rest_route=\/wp\/v2\/types\/post"}],"author":[{"embeddable":true,"href":"https:\/\/zonaroja.com.mx\/index.php?rest_route=\/wp\/v2\/users\/2"}],"replies":[{"embeddable":true,"href":"https:\/\/zonaroja.com.mx\/index.php?rest_route=%2Fwp%2Fv2%2Fcomments&post=49878"}],"version-history":[{"count":1,"href":"https:\/\/zonaroja.com.mx\/index.php?rest_route=\/wp\/v2\/posts\/49878\/revisions"}],"predecessor-version":[{"id":49879,"href":"https:\/\/zonaroja.com.mx\/index.php?rest_route=\/wp\/v2\/posts\/49878\/revisions\/49879"}],"wp:featuredmedia":[{"embeddable":true,"href":"https:\/\/zonaroja.com.mx\/index.php?rest_route=\/wp\/v2\/media\/15555"}],"wp:attachment":[{"href":"https:\/\/zonaroja.com.mx\/index.php?rest_route=%2Fwp%2Fv2%2Fmedia&parent=49878"}],"wp:term":[{"taxonomy":"category","embeddable":true,"href":"https:\/\/zonaroja.com.mx\/index.php?rest_route=%2Fwp%2Fv2%2Fcategories&post=49878"},{"taxonomy":"post_tag","embeddable":true,"href":"https:\/\/zonaroja.com.mx\/index.php?rest_route=%2Fwp%2Fv2%2Ftags&post=49878"}],"curies":[{"name":"wp","href":"https:\/\/api.w.org\/{rel}","templated":true}]}}