{"id":49880,"date":"2022-12-31T07:02:03","date_gmt":"2022-12-31T13:02:03","guid":{"rendered":"http:\/\/www.zonaroja.com.mx\/?p=49880"},"modified":"2022-12-31T07:34:45","modified_gmt":"2022-12-31T13:34:45","slug":"muere-papa-emerito-benedicto-xvi-por-complicaciones-de-salud","status":"publish","type":"post","link":"https:\/\/zonaroja.com.mx\/?p=49880","title":{"rendered":"Muere Papa em\u00e9rito Benedicto XVI, por complicaciones de salud"},"content":{"rendered":"\n<p>Redacci\u00f3n\/Zona Roja Cdmx.<\/p>\n\n\n\n<p>Ciudad de M\u00e9xico, a 31 de diciembre de 2022.- El papa em\u00e9rito Benedicto XVI muri\u00f3 hoy s\u00e1bado a los 95 a\u00f1os luego de un agravamiento en su estado de salud, situaci\u00f3n que hab\u00eda sido alertada previamente por el Vaticano y el papa Francisco, quienes hab\u00edan pedido rezar por \u00e9l.<\/p>\n\n\n\n<p>\u00abCon pesar doy a conocer que el Papa em\u00e9rito Benedicto XVI ha fallecido hoy a las 9:34 horas, en el Monasterio Mater Ecclesiae del Vaticano. Apenas sea posible se proporcionar\u00e1 mayor informaci\u00f3n\u00bb, indic\u00f3 en un comunicado el director del servicio de prensa de la santa sede, Matteo Bruni.<\/p>\n\n\n\n<p>Benedicto XVI, cuyo nombre secular era Joseph Aloisius Ratzinger, hab\u00eda sorprendido al mundo cuando decidi\u00f3 renunciar al cargo papal en 2013, siendo el primero en declinar a ese puesto religioso en seis siglos.<\/p>\n\n\n\n<p>Ante el agravamiento de su estado de salud, el papa Francisco, quien fue su sucesor, hab\u00eda pedido previamente a las personas rezar por el ex pont\u00edfice, mencionado que estaba \u00abmuy enfermo\u00bb.<\/p>\n\n\n\n<p>El Vaticano inform\u00f3 de que su cuerpo ser\u00e1 velado a partir del lunes en la Bas\u00edlica de San Pedro. El Vaticano tiene rituales minuciosamente elaborados para lo que sucede despu\u00e9s de la muerte de un papa reinante, pero no se conocen p\u00fablicamente los de un ex pont\u00edfice romano.<\/p>\n\n\n\n<p>El papa em\u00e9rito Benedicto XVI naci\u00f3 en&nbsp;localidad de Marktl, en Alemania, el 16 de abril de 1927, y fue elegido l\u00edder de la Iglesia cat\u00f3lica el 19 de abril de 2005, tras la muerte del papa Juan Pablo II.<\/p>\n\n\n\n<p>Benedicto XVI se convirti\u00f3 en 2013 en el primer papa en renunciar en seis siglos, y desde ese instante hasta su fallecimiento estuvo pr\u00e1cticamente retirado del foco p\u00fablico, en un monasterio situado en los jardines del Vaticano.<\/p>\n\n\n\n<p>(Informaci\u00f3n de \u00abMileni\u00bb)<\/p>\n","protected":false},"excerpt":{"rendered":"<p>Redacci\u00f3n\/Zona Roja Cdmx. Ciudad de M\u00e9xico, a 31 de diciembre de 2022.- El papa em\u00e9rito&hellip;<\/p>\n","protected":false},"author":2,"featured_media":49881,"comment_status":"closed","ping_status":"open","sticky":false,"template":"","format":"standard","meta":{"_lmt_disableupdate":"","_lmt_disable":"","_jetpack_memberships_contains_paid_content":false,"footnotes":""},"categories":[109,47],"tags":[3371],"class_list":["post-49880","post","type-post","status-publish","format-standard","has-post-thumbnail","hentry","category-minuto-a-minuto","category-zona-gris","tag-papa-benedicto-xvi"],"jetpack_featured_media_url":"https:\/\/zonaroja.com.mx\/wp-content\/uploads\/2022\/12\/Papa-Benedicto-XVI.jpeg","jetpack_sharing_enabled":true,"_links":{"self":[{"href":"https:\/\/zonaroja.com.mx\/index.php?rest_route=\/wp\/v2\/posts\/49880","targetHints":{"allow":["GET"]}}],"collection":[{"href":"https:\/\/zonaroja.com.mx\/index.php?rest_route=\/wp\/v2\/posts"}],"about":[{"href":"https:\/\/zonaroja.com.mx\/index.php?rest_route=\/wp\/v2\/types\/post"}],"author":[{"embeddable":true,"href":"https:\/\/zonaroja.com.mx\/index.php?rest_route=\/wp\/v2\/users\/2"}],"replies":[{"embeddable":true,"href":"https:\/\/zonaroja.com.mx\/index.php?rest_route=%2Fwp%2Fv2%2Fcomments&post=49880"}],"version-history":[{"count":2,"href":"https:\/\/zonaroja.com.mx\/index.php?rest_route=\/wp\/v2\/posts\/49880\/revisions"}],"predecessor-version":[{"id":49893,"href":"https:\/\/zonaroja.com.mx\/index.php?rest_route=\/wp\/v2\/posts\/49880\/revisions\/49893"}],"wp:featuredmedia":[{"embeddable":true,"href":"https:\/\/zonaroja.com.mx\/index.php?rest_route=\/wp\/v2\/media\/49881"}],"wp:attachment":[{"href":"https:\/\/zonaroja.com.mx\/index.php?rest_route=%2Fwp%2Fv2%2Fmedia&parent=49880"}],"wp:term":[{"taxonomy":"category","embeddable":true,"href":"https:\/\/zonaroja.com.mx\/index.php?rest_route=%2Fwp%2Fv2%2Fcategories&post=49880"},{"taxonomy":"post_tag","embeddable":true,"href":"https:\/\/zonaroja.com.mx\/index.php?rest_route=%2Fwp%2Fv2%2Ftags&post=49880"}],"curies":[{"name":"wp","href":"https:\/\/api.w.org\/{rel}","templated":true}]}}