{"id":49883,"date":"2022-12-31T11:02:00","date_gmt":"2022-12-31T17:02:00","guid":{"rendered":"http:\/\/www.zonaroja.com.mx\/?p=49883"},"modified":"2022-12-31T07:05:46","modified_gmt":"2022-12-31T13:05:46","slug":"lanza-corea-del-norte-un-misil-balistico-al-mar-del-este","status":"publish","type":"post","link":"https:\/\/zonaroja.com.mx\/?p=49883","title":{"rendered":"Lanza Corea del Norte un misil bal\u00edstico al mar del Este"},"content":{"rendered":"\n<p>Redacci\u00f3n\/Zona Roja Cdmx.<\/p>\n\n\n\n<p>Ciudad de M\u00e9xico, a 31 de diciembre de 2022.- Corea del Norte dispar\u00f3 al menos un \u00abmisil bal\u00edstico de tipo no identificado\u00bb hacia el mar del Este de la pen\u00ednsula, indicaron los mandos militares surcoreanos el s\u00e1bado por la ma\u00f1ana para cerrar un a\u00f1o 2022 caracterizado por un r\u00e9cord en ensayos militares.<\/p>\n\n\n\n<p>La tensi\u00f3n militar en la pen\u00ednsula de Corea aument\u00f3 significativamente este a\u00f1o ante el n\u00famero r\u00e9cord de pruebas armament\u00edsticas desarrolladas por Pyongyang, incluido el disparo del misil bal\u00edstico intercontinental m\u00e1s avanzado del pa\u00eds hasta la fecha.<\/p>\n\n\n\n<p>El lunes, la intrusi\u00f3n de drones norcoreanos, uno de los cuales lleg\u00f3 a volar cerca de Se\u00fal, provoc\u00f3 el despliegue de aviones de combate y helic\u00f3pteros de ataque surcoreanos.<\/p>\n\n\n\n<p>Sin embargo, a pesar de cinco horas de operaci\u00f3n, la Fuerza A\u00e9rea no consigui\u00f3 interceptar los drones norcoreanos, lo que provoc\u00f3 amplias cr\u00edticas y una disculpa del ministro de Defensa del Sur.<\/p>\n\n\n\n<p>El presidente de Corea del Sur, Yoon Suk-yeol, dijo que la incursi\u00f3n fue \u00abintolerable\u00bb, mientras que el ej\u00e9rcito realiz\u00f3 maniobras el jueves para mejorar sus capacidades defensivas ante estas acciones.<\/p>\n\n\n\n<p>Se trat\u00f3 de la primera vez en cinco a\u00f1os que drones de Corea del Norte sobrevuelan el espacio a\u00e9reo del Sur.&nbsp;<\/p>\n\n\n\n<p>Estos incidentes ocurren en paralelo a una importante reuni\u00f3n del partido \u00fanico de Corea del Norte, en el que el l\u00edder Kim Jong Un y otros altos cargos presentan los objetivos pol\u00edticos para 2023 en \u00e1reas como diplomacia, seguridad y econom\u00eda.<\/p>\n\n\n\n<p>El mi\u00e9rcoles, Kim present\u00f3 \u00abnuevas metas claves para fortalecer la capacidad defensiva autosuficiente en 2023\u00bb, indic\u00f3 la prensa estatal, que no detall\u00f3 estos objetivos.<\/p>\n\n\n\n<p>El r\u00e9gimen comunista suele emplear estos encuentros de fin de a\u00f1o para trazar las l\u00edneas maestras de la pol\u00edtica del pr\u00f3ximo a\u00f1o. Se espera que su contenido sea desvelado una vez concluya la reuni\u00f3n.<\/p>\n\n\n\n<p>En 2021, Kim se centr\u00f3 en cuestiones econ\u00f3micas, pero los analistas pronostican que este a\u00f1o la estrategia estar\u00e1 m\u00e1s dirigida al frente militar.<\/p>\n","protected":false},"excerpt":{"rendered":"<p>Redacci\u00f3n\/Zona Roja Cdmx. Ciudad de M\u00e9xico, a 31 de diciembre de 2022.- Corea del Norte&hellip;<\/p>\n","protected":false},"author":2,"featured_media":47549,"comment_status":"closed","ping_status":"open","sticky":false,"template":"","format":"standard","meta":{"_lmt_disableupdate":"","_lmt_disable":"","_jetpack_memberships_contains_paid_content":false,"footnotes":""},"categories":[109,47],"tags":[3129],"class_list":["post-49883","post","type-post","status-publish","format-standard","has-post-thumbnail","hentry","category-minuto-a-minuto","category-zona-gris","tag-corea-del-norte"],"jetpack_featured_media_url":"https:\/\/zonaroja.com.mx\/wp-content\/uploads\/2022\/11\/Misil-Corea-lanzamiento.jpeg","jetpack_sharing_enabled":true,"_links":{"self":[{"href":"https:\/\/zonaroja.com.mx\/index.php?rest_route=\/wp\/v2\/posts\/49883","targetHints":{"allow":["GET"]}}],"collection":[{"href":"https:\/\/zonaroja.com.mx\/index.php?rest_route=\/wp\/v2\/posts"}],"about":[{"href":"https:\/\/zonaroja.com.mx\/index.php?rest_route=\/wp\/v2\/types\/post"}],"author":[{"embeddable":true,"href":"https:\/\/zonaroja.com.mx\/index.php?rest_route=\/wp\/v2\/users\/2"}],"replies":[{"embeddable":true,"href":"https:\/\/zonaroja.com.mx\/index.php?rest_route=%2Fwp%2Fv2%2Fcomments&post=49883"}],"version-history":[{"count":1,"href":"https:\/\/zonaroja.com.mx\/index.php?rest_route=\/wp\/v2\/posts\/49883\/revisions"}],"predecessor-version":[{"id":49884,"href":"https:\/\/zonaroja.com.mx\/index.php?rest_route=\/wp\/v2\/posts\/49883\/revisions\/49884"}],"wp:featuredmedia":[{"embeddable":true,"href":"https:\/\/zonaroja.com.mx\/index.php?rest_route=\/wp\/v2\/media\/47549"}],"wp:attachment":[{"href":"https:\/\/zonaroja.com.mx\/index.php?rest_route=%2Fwp%2Fv2%2Fmedia&parent=49883"}],"wp:term":[{"taxonomy":"category","embeddable":true,"href":"https:\/\/zonaroja.com.mx\/index.php?rest_route=%2Fwp%2Fv2%2Fcategories&post=49883"},{"taxonomy":"post_tag","embeddable":true,"href":"https:\/\/zonaroja.com.mx\/index.php?rest_route=%2Fwp%2Fv2%2Ftags&post=49883"}],"curies":[{"name":"wp","href":"https:\/\/api.w.org\/{rel}","templated":true}]}}