{"id":49889,"date":"2022-12-31T09:25:00","date_gmt":"2022-12-31T15:25:00","guid":{"rendered":"http:\/\/www.zonaroja.com.mx\/?p=49889"},"modified":"2022-12-31T11:24:46","modified_gmt":"2022-12-31T17:24:46","slug":"revisar-ministra-ysmin-esquivel-me-plagiaron-mi-tesis","status":"publish","type":"post","link":"https:\/\/zonaroja.com.mx\/?p=49889","title":{"rendered":"Revisar ministra Yasm\u00edn Esquivel: me plagiaron mi tesis"},"content":{"rendered":"\n<p>Redacci\u00f3n\/Zona Roja Cdmx.<\/p>\n\n\n\n<p>Ciudad de M\u00e9xico, a 31 de diciembre de 2022.- Yasm\u00edn Esquivel, ministra de la Suprema Corte de Justicia de la Naci\u00f3n (SCJN), asegur\u00f3 haber presentado ante las instancias correspondientes pruebas de que fue v\u00edctima de plagio de su tesis. Destac\u00f3 que un egresado de la Universidad Nacional Aut\u00f3noma de M\u00e9xico (UNAM) declar\u00f3 haber tomado fragmentos de su trabajo y que, adem\u00e1s \u00e9ste fue modificado ilegalmente.<\/p>\n\n\n\n<p>Especific\u00f3 que \u201cel otro alumno reconoci\u00f3 que tom\u00f3 mi proyecto de tesis que comenc\u00e9 a elaborar desde 1985 y que estaba en posesi\u00f3n de la directora de tesis\u201d. Dicha declaraci\u00f3n fue presentada ante un notario p\u00fablico.<\/p>\n\n\n\n<p>Considero que me favorece pues reconoci\u00f3 y manifest\u00f3 expresamente que \u201c&#8230;de este trabajo de tom\u00e9 varias referencias y texto\u201d y \u201c&#8230;pude tomar varias partes importantes del trabajo de ella en el a\u00f1o de 1985 a 1986\u2033, ante estos hechos se confirma que la autor\u00eda original del trabajo es m\u00eda.<\/p>\n\n\n\n<p>Respecto a la modificaci\u00f3n a su tesis, mencion\u00f3 en su pronunciamiento que existen: \u201cTres dict\u00e1menes periciales en inform\u00e1tica, que concluyen que mi tesis se carg\u00f3 al repositorio TESIUNAM previo al del otro alumno. Tambi\u00e9n se acredit\u00f3 que el archivo que contiene mi tesis fue indebidamente y de forma ilegal modificado el 22 de diciembre de 2022\u2033.<\/p>\n\n\n\n<p>A estas pruebas se suman declaraciones de profesores de la Facultad de Estudios Superiores (FES) Arag\u00f3n que participaron en el proceso de titulaci\u00f3n y de quien en ese momento era director del Seminario de Derecho del Trabajo en la Facultad de Derecho de la UNAM.<\/p>\n\n\n\n<p>Fue bajo ese tenor que Esquivel sentenci\u00f3 una vez m\u00e1s que detr\u00e1s de las acusaciones de plagio en su contra est\u00e1n intereses ajenos que buscan intervenir en el proceso de selecci\u00f3n del pr\u00f3ximo titular de la SCJN, puesto que ella aspira a ocupar tras la salida del ministro Arturo Zald\u00edvar.<\/p>\n\n\n\n<p>\u201cHe sido objeto de una campa\u00f1a de mentiras y difamaciones sin sustento, he emprendido diferentes acciones a trav\u00e9s de los canales competentes de las instituciones oficiales, para demostrar que la verdad est\u00e1 de mi lado y as\u00ed, cuidar los asuntos de justicia y certeza jur\u00eddica\u201d, afirm\u00f3.<\/p>\n\n\n\n<p>Las pruebas que Esquivel mencion\u00f3 en su comunicado fueron puestas a disposici\u00f3n del Comit\u00e9 de Integridad Acad\u00e9mica y Cient\u00edfica de la Fes Arag\u00f3n, que ser\u00e1 la encargada de emitir el veredicto en relaci\u00f3n a este caso.<\/p>\n\n\n\n<p>Cabe recordar que el pasado 23 de diciembre la UNAM comunic\u00f3 que encontr\u00f3 \u201calto nivel de coincidencias\u201d entre tesis de Yasm\u00edn Esquivel y una publicada antes e indic\u00f3 que presentar\u00eda los resultados de su an\u00e1lisis ante la FES Arag\u00f3n. Tras el pronunciamiento, la ministra de la SCJN argument\u00f3 que si bien su trabajo fue presentado en 1987, un a\u00f1o despu\u00e9s que fue sustentado el otro, comenz\u00f3 su investigaci\u00f3n antes.<\/p>\n\n\n\n<p>\u201cMi tesis Inoperancia de los Sindicatos en los Trabajadores de Confianza del Art\u00edculo 123 Apartado A es un proyecto original y aut\u00e9ntico que empec\u00e9 a redactar y revisar desde 1985. Un a\u00f1o antes de la tesis similar que habr\u00eda elaborado el estudiante Edgar Ulises B\u00e1ez Guti\u00e9rrez\u201d, indic\u00f3 Esquivel.<\/p>\n\n\n\n<p>El 28 de diciembre la Fes Arag\u00f3n anunci\u00f3 que cit\u00f3 a Esquivel e implicados, decir, la persona que escribi\u00f3 la tesis en la que se hallaron similitudes, la asesora y los sinodales. La UNAM estableci\u00f3 el 29 de diciembre como la fecha l\u00edmite para que los citados se pusieran en contacto.<\/p>\n\n\n\n<p>Este \u00faltimo anuncio se hizo a cinco d\u00edas de que una columna period\u00edstica exhibiera las similitudes entre la tesis de Esquivel y una m\u00e1s publicada antes que la suya.<\/p>\n\n\n\n<p>(Informaci\u00f3n de Infobae M\u00e9xico)<\/p>\n","protected":false},"excerpt":{"rendered":"<p>Redacci\u00f3n\/Zona Roja Cdmx. Ciudad de M\u00e9xico, a 31 de diciembre de 2022.- Yasm\u00edn Esquivel, ministra&hellip;<\/p>\n","protected":false},"author":2,"featured_media":49890,"comment_status":"closed","ping_status":"open","sticky":false,"template":"","format":"standard","meta":{"_lmt_disableupdate":"","_lmt_disable":"","_jetpack_memberships_contains_paid_content":false,"footnotes":""},"categories":[109,47],"tags":[3361],"class_list":["post-49889","post","type-post","status-publish","format-standard","has-post-thumbnail","hentry","category-minuto-a-minuto","category-zona-gris","tag-yasmin-esquivel-mossa"],"jetpack_featured_media_url":"https:\/\/zonaroja.com.mx\/wp-content\/uploads\/2022\/12\/Yasmin-Esquivel-ministra.jpeg","jetpack_sharing_enabled":true,"_links":{"self":[{"href":"https:\/\/zonaroja.com.mx\/index.php?rest_route=\/wp\/v2\/posts\/49889","targetHints":{"allow":["GET"]}}],"collection":[{"href":"https:\/\/zonaroja.com.mx\/index.php?rest_route=\/wp\/v2\/posts"}],"about":[{"href":"https:\/\/zonaroja.com.mx\/index.php?rest_route=\/wp\/v2\/types\/post"}],"author":[{"embeddable":true,"href":"https:\/\/zonaroja.com.mx\/index.php?rest_route=\/wp\/v2\/users\/2"}],"replies":[{"embeddable":true,"href":"https:\/\/zonaroja.com.mx\/index.php?rest_route=%2Fwp%2Fv2%2Fcomments&post=49889"}],"version-history":[{"count":2,"href":"https:\/\/zonaroja.com.mx\/index.php?rest_route=\/wp\/v2\/posts\/49889\/revisions"}],"predecessor-version":[{"id":49903,"href":"https:\/\/zonaroja.com.mx\/index.php?rest_route=\/wp\/v2\/posts\/49889\/revisions\/49903"}],"wp:featuredmedia":[{"embeddable":true,"href":"https:\/\/zonaroja.com.mx\/index.php?rest_route=\/wp\/v2\/media\/49890"}],"wp:attachment":[{"href":"https:\/\/zonaroja.com.mx\/index.php?rest_route=%2Fwp%2Fv2%2Fmedia&parent=49889"}],"wp:term":[{"taxonomy":"category","embeddable":true,"href":"https:\/\/zonaroja.com.mx\/index.php?rest_route=%2Fwp%2Fv2%2Fcategories&post=49889"},{"taxonomy":"post_tag","embeddable":true,"href":"https:\/\/zonaroja.com.mx\/index.php?rest_route=%2Fwp%2Fv2%2Ftags&post=49889"}],"curies":[{"name":"wp","href":"https:\/\/api.w.org\/{rel}","templated":true}]}}