{"id":4989,"date":"2019-10-20T19:47:49","date_gmt":"2019-10-21T00:47:49","guid":{"rendered":"http:\/\/www.zonaroja.com.mx\/?p=4989"},"modified":"2019-10-20T19:47:52","modified_gmt":"2019-10-21T00:47:52","slug":"reanudan-clases-este-lunes-en-escuelas-del-istmo-tras-intensas-lluvias","status":"publish","type":"post","link":"https:\/\/zonaroja.com.mx\/?p=4989","title":{"rendered":"Reanudan clases este lunes en escuelas del Istmo tras intensas lluvias"},"content":{"rendered":"\n<p>Redacci\u00f3n\/Zona Roja.<\/p>\n\n\n\n<p>Oaxaca de Ju\u00e1rez, Oax., 20 de octubre\nde 2019.- Este lunes 21 de octubre se normalizan las actividades escolares en\nOaxaca, luego de que se suspendieran en las zonas afectadas por intensas\nlluvias, como es la regi\u00f3n del Istmo de Tehuantepec, inform\u00f3 el Gobierno del\nEstado.<\/p>\n\n\n\n<p>A trav\u00e9s del Instituto Estatal de Educaci\u00f3n\nP\u00fablica de Oaxaca (IEEPO), exhort\u00f3 a supervisores, directivos y docentes\nverificar los planteles y las condiciones de seguridad de los inmuebles para\nevitar riesgos a las y los alumnos.<\/p>\n\n\n\n<p>En los municipios de El Espinal,\nJuchit\u00e1n de Zaragoza, Ciudad Ixtepec, Asunci\u00f3n Ixtaltepec, Santa Mar\u00eda Xadani,\nUni\u00f3n Hidalgo, Santa Mar\u00eda del Mar, San Dionisio del Mar, San Francisco\nIxhuat\u00e1n, Reforma de Pineda, Santo Domingo Zanatepec y San Francisco del Mar,\nel IEEPO mantuvo hasta el pasado viernes&nbsp;\n18 de octubre, la suspensi\u00f3n de clases.<\/p>\n\n\n\n<p>Indic\u00f3 que de acuerdo con las\ncondiciones hidrometeorol\u00f3gicas, las autoridades escolares, en conjunto con los\npadres y madres de familia podr\u00e1n tomar decisiones por consenso en aquellos\nplanteles que presenten encharcamientos, anegaciones o dificultades de acceso,\nsobre todo en escuelas ubicadas en zonas bajas o cercanas a r\u00edos, lagunas o\npresas.<\/p>\n\n\n\n<p>En un comunicado, detall\u00f3 que por\ninstrucciones del director general, Francisco \u00c1ngel Villarreal, este Instituto\npermanece alerta de las recomendaciones que emitan en los pr\u00f3ximos d\u00edas el\nServicio Meteorol\u00f3gico Nacional (SMN) y la Coordinaci\u00f3n Estatal de Protecci\u00f3n\nCivil (CEPCO) e informar\u00e1 de inmediato, cualquier eventualidad a la comunidad\nescolar.<\/p>\n\n\n\n<p>En caso de que alguna escuela presente\nalguna afectaci\u00f3n, es necesario reportarlo para implementar el protocolo\ncorrespondiente y brindar la atenci\u00f3n debida, para ello pueden comunicarse al\nCentro de Atenci\u00f3n Telef\u00f3nica del IEEPO: 800 433 76 15.<\/p>\n\n\n\n<p>Agreg\u00f3 que la temporada de lluvias y\nciclones tropicales que podr\u00edan derivar en huracanes, abarca del 15 de mayo al\n30 de noviembre. <\/p>\n\n\n\n<p>Se trata de fen\u00f3menos\nhidrometeorol\u00f3gicos que pueden ser monitoreados, de ah\u00ed que en caso de\ndetectarse alguna tormenta o hurac\u00e1n se difundir\u00e1n las indicaciones\ncorrespondientes para la poblaci\u00f3n escolar y civil.<\/p>\n","protected":false},"excerpt":{"rendered":"<p>Redacci\u00f3n\/Zona Roja. Oaxaca de Ju\u00e1rez, Oax., 20 de octubre de 2019.- Este lunes 21 de&hellip;<\/p>\n","protected":false},"author":2,"featured_media":4990,"comment_status":"closed","ping_status":"open","sticky":false,"template":"","format":"standard","meta":{"_lmt_disableupdate":"","_lmt_disable":"","_jetpack_memberships_contains_paid_content":false,"footnotes":""},"categories":[109,47],"tags":[599],"class_list":["post-4989","post","type-post","status-publish","format-standard","has-post-thumbnail","hentry","category-minuto-a-minuto","category-zona-gris","tag-instituto-estatal-de-educacion-publica-de-oaxaca"],"jetpack_featured_media_url":"https:\/\/zonaroja.com.mx\/wp-content\/uploads\/2019\/10\/escuelas-lluvias.jpg","jetpack_sharing_enabled":true,"_links":{"self":[{"href":"https:\/\/zonaroja.com.mx\/index.php?rest_route=\/wp\/v2\/posts\/4989","targetHints":{"allow":["GET"]}}],"collection":[{"href":"https:\/\/zonaroja.com.mx\/index.php?rest_route=\/wp\/v2\/posts"}],"about":[{"href":"https:\/\/zonaroja.com.mx\/index.php?rest_route=\/wp\/v2\/types\/post"}],"author":[{"embeddable":true,"href":"https:\/\/zonaroja.com.mx\/index.php?rest_route=\/wp\/v2\/users\/2"}],"replies":[{"embeddable":true,"href":"https:\/\/zonaroja.com.mx\/index.php?rest_route=%2Fwp%2Fv2%2Fcomments&post=4989"}],"version-history":[{"count":1,"href":"https:\/\/zonaroja.com.mx\/index.php?rest_route=\/wp\/v2\/posts\/4989\/revisions"}],"predecessor-version":[{"id":4991,"href":"https:\/\/zonaroja.com.mx\/index.php?rest_route=\/wp\/v2\/posts\/4989\/revisions\/4991"}],"wp:featuredmedia":[{"embeddable":true,"href":"https:\/\/zonaroja.com.mx\/index.php?rest_route=\/wp\/v2\/media\/4990"}],"wp:attachment":[{"href":"https:\/\/zonaroja.com.mx\/index.php?rest_route=%2Fwp%2Fv2%2Fmedia&parent=4989"}],"wp:term":[{"taxonomy":"category","embeddable":true,"href":"https:\/\/zonaroja.com.mx\/index.php?rest_route=%2Fwp%2Fv2%2Fcategories&post=4989"},{"taxonomy":"post_tag","embeddable":true,"href":"https:\/\/zonaroja.com.mx\/index.php?rest_route=%2Fwp%2Fv2%2Ftags&post=4989"}],"curies":[{"name":"wp","href":"https:\/\/api.w.org\/{rel}","templated":true}]}}