{"id":49895,"date":"2022-12-31T07:45:52","date_gmt":"2022-12-31T13:45:52","guid":{"rendered":"http:\/\/www.zonaroja.com.mx\/?p=49895"},"modified":"2022-12-31T07:45:54","modified_gmt":"2022-12-31T13:45:54","slug":"criminal-violencia-en-oaxaca-capita-ejecutan-a-a-mujer-y-lesionan-de-bala-a-dos","status":"publish","type":"post","link":"https:\/\/zonaroja.com.mx\/?p=49895","title":{"rendered":"Criminal violencia en Oaxaca capita: ejecutan a a mujer y lesionan de bala a dos"},"content":{"rendered":"\n<p>Ismael Garc\u00eda M.\/Zona Roja.<\/p>\n\n\n\n<p>Oaxaca de Ju\u00e1rez, Oax., a 31 de diciembre de 2022.- Una mujer fue ejecutada a balazos y dos personas m\u00e1s, entre ellas una menor de edad, fueron lesionadas, en la ciudad de Oaxaca.<\/p>\n\n\n\n<p>El ataque armado se registr\u00f3 alrededor de las 07:00 horas en la calle prolongaci\u00f3n de Valerio Trujano de la capital, cerca de la Central Camionera de Segunda Clase y de la Central de Abasto.<\/p>\n\n\n\n<p>Sujetos armados dispararon en contra de las tres personas, que al parecer viajaban en una motocicleta.<\/p>\n\n\n\n<p>El el lugar qued\u00f3 sin vida una mujer, identificada de manera preliminar como Elizabeth C. G., de 29 a\u00f1os de edad; una menor de 13 a\u00f1os de edad y un masculino de 25 a\u00f1os fueron trasladados a un hospital de la ciudad.<\/p>\n\n\n\n<p>Apenas ayer se registraron otros dos asesinatos, uno de un ganadero en San Antonino Castillo Velasco y otro en la Heroica Ciudad de Tlaxiaco.<\/p>\n\n\n\n<figure class=\"wp-block-embed is-type-rich is-provider-twitter wp-block-embed-twitter\"><div class=\"wp-block-embed__wrapper\">\n<div class=\"twitter-tweet\"><blockquote class=\"twitter-tweet\" data-lang=\"es\"><p lang=\"es\" dir=\"ltr\"><a href=\"https:\/\/twitter.com\/hashtag\/%C3%9AltimoMinuto?src=hash&amp;ref_src=twsrc%5Etfw\">#\u00daltimoMinuto<\/a><br>Reportan un ataque armado en la prolongaci\u00f3n de la calle Valerio Trujano, ciudad de <a href=\"https:\/\/twitter.com\/hashtag\/Oaxaca?src=hash&amp;ref_src=twsrc%5Etfw\">#Oaxaca<\/a>, cerca de la Central Camionera de Segunda Clase.<br>El saldo preliminar es de una mujer fallecida y dos personas m\u00e1s lesionadas, entre ellas una menor de edad. <a href=\"https:\/\/t.co\/vcGaRgnKns\">pic.twitter.com\/vcGaRgnKns<\/a><\/p>&mdash; Zona Roja Oaxaca (@ZonaRoja_Oaxaca) <a href=\"https:\/\/twitter.com\/ZonaRoja_Oaxaca\/status\/1609181863980982272?ref_src=twsrc%5Etfw\">31 de diciembre de 2022<\/a><\/blockquote><\/div>\n<\/div><\/figure>\n","protected":false},"excerpt":{"rendered":"<p>Ismael Garc\u00eda M.\/Zona Roja. Oaxaca de Ju\u00e1rez, Oax., a 31 de diciembre de 2022.- Una&hellip;<\/p>\n","protected":false},"author":2,"featured_media":49896,"comment_status":"closed","ping_status":"open","sticky":false,"template":"","format":"standard","meta":{"_lmt_disableupdate":"","_lmt_disable":"","_jetpack_memberships_contains_paid_content":false,"footnotes":""},"categories":[109,51],"tags":[148],"class_list":["post-49895","post","type-post","status-publish","format-standard","has-post-thumbnail","hentry","category-minuto-a-minuto","category-zona-roja","tag-oaxaca-de-juarez"],"jetpack_featured_media_url":"https:\/\/zonaroja.com.mx\/wp-content\/uploads\/2022\/12\/Asesinada-ciudad-de-Oaxaca.jpg","jetpack_sharing_enabled":true,"_links":{"self":[{"href":"https:\/\/zonaroja.com.mx\/index.php?rest_route=\/wp\/v2\/posts\/49895","targetHints":{"allow":["GET"]}}],"collection":[{"href":"https:\/\/zonaroja.com.mx\/index.php?rest_route=\/wp\/v2\/posts"}],"about":[{"href":"https:\/\/zonaroja.com.mx\/index.php?rest_route=\/wp\/v2\/types\/post"}],"author":[{"embeddable":true,"href":"https:\/\/zonaroja.com.mx\/index.php?rest_route=\/wp\/v2\/users\/2"}],"replies":[{"embeddable":true,"href":"https:\/\/zonaroja.com.mx\/index.php?rest_route=%2Fwp%2Fv2%2Fcomments&post=49895"}],"version-history":[{"count":1,"href":"https:\/\/zonaroja.com.mx\/index.php?rest_route=\/wp\/v2\/posts\/49895\/revisions"}],"predecessor-version":[{"id":49897,"href":"https:\/\/zonaroja.com.mx\/index.php?rest_route=\/wp\/v2\/posts\/49895\/revisions\/49897"}],"wp:featuredmedia":[{"embeddable":true,"href":"https:\/\/zonaroja.com.mx\/index.php?rest_route=\/wp\/v2\/media\/49896"}],"wp:attachment":[{"href":"https:\/\/zonaroja.com.mx\/index.php?rest_route=%2Fwp%2Fv2%2Fmedia&parent=49895"}],"wp:term":[{"taxonomy":"category","embeddable":true,"href":"https:\/\/zonaroja.com.mx\/index.php?rest_route=%2Fwp%2Fv2%2Fcategories&post=49895"},{"taxonomy":"post_tag","embeddable":true,"href":"https:\/\/zonaroja.com.mx\/index.php?rest_route=%2Fwp%2Fv2%2Ftags&post=49895"}],"curies":[{"name":"wp","href":"https:\/\/api.w.org\/{rel}","templated":true}]}}