{"id":49898,"date":"2022-12-31T08:06:35","date_gmt":"2022-12-31T14:06:35","guid":{"rendered":"http:\/\/www.zonaroja.com.mx\/?p=49898"},"modified":"2022-12-31T08:06:37","modified_gmt":"2022-12-31T14:06:37","slug":"no-cesan-escandalos-en-mitla-y-edil-sigue-sin-declarar-tras-rina-por-ebrio","status":"publish","type":"post","link":"https:\/\/zonaroja.com.mx\/?p=49898","title":{"rendered":"No cesan esc\u00e1ndalos en Mitla y edil sigue sin declarar tras ri\u00f1a por ebrio"},"content":{"rendered":"\n<p>Redacci\u00f3n\/Zona Roja.<\/p>\n\n\n\n<p>Oaxaca de Ju\u00e1rez, Oax., a 31 de diciembre de 2022.- Los esc\u00e1ndalos en la Villa de Mitla no cesan y adem\u00e1s de exigir la poblaci\u00f3n la renuncia del edil Luis Armando Olivera, ahora su suplente, Javier Mat\u00edas Olivera, agrede verbalmente a los habitantes del llamado \u201cPueblo M\u00e1gico\u201d.<\/p>\n\n\n\n<p>Hasta ahora el presidente municipal surgido del PAN no ha aclarado la situaci\u00f3n de hace tres d\u00edas, en que en estado de ebriedad agredi\u00f3 a un taxista en un domicilio particular de dicho municipio; tampoco ha informado si present\u00f3 la denuncia ante la Fiscal\u00eda General del Estado de Oaxaca.<\/p>\n\n\n\n<p>Mientras que su&nbsp;suplente Javier Mat\u00edas Olivera fue exhibido con un audio a trav\u00e9s de las redes sociales en que menosprecia a sus paisanos de la Villa de Mitla.<\/p>\n\n\n\n<p>Y es que los habitantes de las calles de Carretera Internacional y Galeana habilitaron sus casas como estacionamientos para apoyar a los turistas que visitan la poblaci\u00f3n.<\/p>\n\n\n\n<p>\u00ab\u00a1No, no, no, a ver, a ver, chequen chequen esa mamada que est\u00e1n haciendo por qu\u00e9 chinga movieron, qui\u00e9n dijo que nos movi\u00e9ramos para Galeana, vale madre le vamos hacer la bolsa a esos pendejos\u00bb, se\u00f1al\u00f3.<\/p>\n\n\n\n<p>Sin embargo, el audio contin\u00faa en donde incluso calific\u00f3 como \u00abperro\u00bb a uno de los taxistas agredidos por el edil quien el mi\u00e9rcoles 28 de diciembre ingres\u00f3 a un predio privado en estado et\u00edlico.<\/p>\n\n\n\n<p>\u00abVale madre as\u00ed, si por eso estamos mareando a los comuneros para que se divida el asunto ahora van a salir beneficiados varios pendejos sobre la carretera\u00bb, acot\u00f3&nbsp;<\/p>\n\n\n\n<p>Tras el zafarrancho protagonizado por el edil, \u00e9ste a\u00fan no ha dado una explicaci\u00f3n oficial y es que &nbsp;argument\u00f3 que tras ello se encontraba \u00abgrave\u00bb de salud debido al golpe en su nariz que le fue propinado por los due\u00f1os del estacionamiento, en defensa propia.<\/p>\n\n\n\n<p>Se espera que este 1 de enero, que el que fuera candidato del PAN y Nueva Alianza, no s\u00f3lo informe sobre las obras que ha realizado sino tambi\u00e9n de este hecho calificado como \u00abvergonzoso\u00bb por sus paisanos.<\/p>\n","protected":false},"excerpt":{"rendered":"<p>Redacci\u00f3n\/Zona Roja. Oaxaca de Ju\u00e1rez, Oax., a 31 de diciembre de 2022.- Los esc\u00e1ndalos en&hellip;<\/p>\n","protected":false},"author":2,"featured_media":49899,"comment_status":"closed","ping_status":"open","sticky":false,"template":"","format":"standard","meta":{"_lmt_disableupdate":"","_lmt_disable":"","_jetpack_memberships_contains_paid_content":false,"footnotes":""},"categories":[109,47],"tags":[3367,1127],"class_list":["post-49898","post","type-post","status-publish","format-standard","has-post-thumbnail","hentry","category-minuto-a-minuto","category-zona-gris","tag-luis-armando-olivera-lopez","tag-san-pablo-villa-de-mitla"],"jetpack_featured_media_url":"https:\/\/zonaroja.com.mx\/wp-content\/uploads\/2022\/12\/Luis-Armando-Olivera.jpeg","jetpack_sharing_enabled":true,"_links":{"self":[{"href":"https:\/\/zonaroja.com.mx\/index.php?rest_route=\/wp\/v2\/posts\/49898","targetHints":{"allow":["GET"]}}],"collection":[{"href":"https:\/\/zonaroja.com.mx\/index.php?rest_route=\/wp\/v2\/posts"}],"about":[{"href":"https:\/\/zonaroja.com.mx\/index.php?rest_route=\/wp\/v2\/types\/post"}],"author":[{"embeddable":true,"href":"https:\/\/zonaroja.com.mx\/index.php?rest_route=\/wp\/v2\/users\/2"}],"replies":[{"embeddable":true,"href":"https:\/\/zonaroja.com.mx\/index.php?rest_route=%2Fwp%2Fv2%2Fcomments&post=49898"}],"version-history":[{"count":1,"href":"https:\/\/zonaroja.com.mx\/index.php?rest_route=\/wp\/v2\/posts\/49898\/revisions"}],"predecessor-version":[{"id":49900,"href":"https:\/\/zonaroja.com.mx\/index.php?rest_route=\/wp\/v2\/posts\/49898\/revisions\/49900"}],"wp:featuredmedia":[{"embeddable":true,"href":"https:\/\/zonaroja.com.mx\/index.php?rest_route=\/wp\/v2\/media\/49899"}],"wp:attachment":[{"href":"https:\/\/zonaroja.com.mx\/index.php?rest_route=%2Fwp%2Fv2%2Fmedia&parent=49898"}],"wp:term":[{"taxonomy":"category","embeddable":true,"href":"https:\/\/zonaroja.com.mx\/index.php?rest_route=%2Fwp%2Fv2%2Fcategories&post=49898"},{"taxonomy":"post_tag","embeddable":true,"href":"https:\/\/zonaroja.com.mx\/index.php?rest_route=%2Fwp%2Fv2%2Ftags&post=49898"}],"curies":[{"name":"wp","href":"https:\/\/api.w.org\/{rel}","templated":true}]}}