{"id":49906,"date":"2023-01-01T08:00:00","date_gmt":"2023-01-01T14:00:00","guid":{"rendered":"http:\/\/www.zonaroja.com.mx\/?p=49906"},"modified":"2023-01-01T08:55:43","modified_gmt":"2023-01-01T14:55:43","slug":"termina-2022-con-tragedia-por-bala-perdida-muere-un-menor-de-edad","status":"publish","type":"post","link":"https:\/\/zonaroja.com.mx\/?p=49906","title":{"rendered":"Termina 2022 con tragedia por bala perdida: muere un menor de edad"},"content":{"rendered":"\n<p>Ismael Garc\u00eda M.\/Zona Roja.<\/p>\n\n\n\n<p>Oaxaca de Ju\u00e1rez, Oax., a 1 de enero de 2023.- Un menor de edad muri\u00f3 a causa de una bala perdida, en la localidad de San Jos\u00e9 del Progreso, municipio de Villa de Tututepec, en la regi\u00f3n de la Costa.<\/p>\n\n\n\n<p>Una persona, hasta ahora no identificada, dispar\u00f3 al aire a la media noche, para recibir el a\u00f1o 2023; sin embargo, una bala alcanz\u00f3 a un ni\u00f1o de 14 a\u00f1os de edad, Antonio A. R., que jugaba en la calle con sus amigos.<\/p>\n\n\n\n<p>Personal de Protecci\u00f3n Civil Municipal de Tututepec arrib\u00f3 al sitio para brindar los primeros auxilios al menor, pero corrobor\u00f3 que ya no contaba con signos vitales.<\/p>\n\n\n\n<p>La Vicefiscal\u00eda Regional de la Costa inici\u00f3 la Carpeta de Investigaci\u00f3n correspondiente para iniciar las indagatorias y hasta el momento no hay datos del probable responsable de disparar al aire.<\/p>\n","protected":false},"excerpt":{"rendered":"<p>Ismael Garc\u00eda M.\/Zona Roja. Oaxaca de Ju\u00e1rez, Oax., a 1 de enero de 2023.- Un&hellip;<\/p>\n","protected":false},"author":2,"featured_media":49907,"comment_status":"closed","ping_status":"open","sticky":false,"template":"","format":"standard","meta":{"_lmt_disableupdate":"","_lmt_disable":"","_jetpack_memberships_contains_paid_content":false,"footnotes":""},"categories":[109,51],"tags":[1203],"class_list":["post-49906","post","type-post","status-publish","format-standard","has-post-thumbnail","hentry","category-minuto-a-minuto","category-zona-roja","tag-villa-de-tututepec"],"jetpack_featured_media_url":"https:\/\/zonaroja.com.mx\/wp-content\/uploads\/2023\/01\/Muere-menor-por-bala-perdida-Tututepec.jpg","jetpack_sharing_enabled":true,"_links":{"self":[{"href":"https:\/\/zonaroja.com.mx\/index.php?rest_route=\/wp\/v2\/posts\/49906","targetHints":{"allow":["GET"]}}],"collection":[{"href":"https:\/\/zonaroja.com.mx\/index.php?rest_route=\/wp\/v2\/posts"}],"about":[{"href":"https:\/\/zonaroja.com.mx\/index.php?rest_route=\/wp\/v2\/types\/post"}],"author":[{"embeddable":true,"href":"https:\/\/zonaroja.com.mx\/index.php?rest_route=\/wp\/v2\/users\/2"}],"replies":[{"embeddable":true,"href":"https:\/\/zonaroja.com.mx\/index.php?rest_route=%2Fwp%2Fv2%2Fcomments&post=49906"}],"version-history":[{"count":2,"href":"https:\/\/zonaroja.com.mx\/index.php?rest_route=\/wp\/v2\/posts\/49906\/revisions"}],"predecessor-version":[{"id":49928,"href":"https:\/\/zonaroja.com.mx\/index.php?rest_route=\/wp\/v2\/posts\/49906\/revisions\/49928"}],"wp:featuredmedia":[{"embeddable":true,"href":"https:\/\/zonaroja.com.mx\/index.php?rest_route=\/wp\/v2\/media\/49907"}],"wp:attachment":[{"href":"https:\/\/zonaroja.com.mx\/index.php?rest_route=%2Fwp%2Fv2%2Fmedia&parent=49906"}],"wp:term":[{"taxonomy":"category","embeddable":true,"href":"https:\/\/zonaroja.com.mx\/index.php?rest_route=%2Fwp%2Fv2%2Fcategories&post=49906"},{"taxonomy":"post_tag","embeddable":true,"href":"https:\/\/zonaroja.com.mx\/index.php?rest_route=%2Fwp%2Fv2%2Ftags&post=49906"}],"curies":[{"name":"wp","href":"https:\/\/api.w.org\/{rel}","templated":true}]}}