{"id":49909,"date":"2023-01-01T10:00:00","date_gmt":"2023-01-01T16:00:00","guid":{"rendered":"http:\/\/www.zonaroja.com.mx\/?p=49909"},"modified":"2023-01-01T06:33:01","modified_gmt":"2023-01-01T12:33:01","slug":"en-ultimo-dia-del-ano-mueren-dos-menores-calcinadas-en-michoacan","status":"publish","type":"post","link":"https:\/\/zonaroja.com.mx\/?p=49909","title":{"rendered":"En \u00faltimo d\u00eda del a\u00f1o, mueren dos menores calcinadas en Michoac\u00e1n"},"content":{"rendered":"\n<p>Redacci\u00f3n\/Zona Roja Cdmx.<\/p>\n\n\n\n<p>Ciudad de M\u00e9xico, a 1 de enero de 2023.- En el \u00faltimo d\u00eda del 2022, dos ni\u00f1as, de 3 y 9 a\u00f1os de edad, murieron al quedar atrapadas en un incendio en el municipio de L\u00e1zaro C\u00e1rdenas, Michoac\u00e1n.<\/p>\n\n\n\n<p>El fuego sorprendi\u00f3 a los menores en su propia vivienda, en la comunidad ind\u00edgena&nbsp;de Jes\u00fas D\u00edaz Sirio.<\/p>\n\n\n\n<p>En la vivienda tambi\u00e9n se encontraba otro menor de edad, quien logr\u00f3 salvarse e incluso,&nbsp;sali\u00f3 de la vivienda envuelta en llamas para pedir ayuda entre los vecinos.<\/p>\n\n\n\n<p>Minutos despu\u00e9s, los vecinos se trasladaron al domicilio de las v\u00edctimas, sin embargo, no pudieron rescatar&nbsp;a las hermanas Reyna Isabel y Ana Regina P., de 9 y 3 a\u00f1os de edad.<\/p>\n\n\n\n<p>El incidente ocurri\u00f3 en la calle Col\u00f3n y L\u00e1zaro C\u00e1rdenas, de la poblaci\u00f3n ind\u00edgena de Jes\u00fas D\u00edaz Sirio.<\/p>\n\n\n\n<p>Luego peritos de la Fiscal\u00eda Regional llegaron para hacer las actuaciones correspondientes.<\/p>\n\n\n\n<p>(Informaci\u00f3n de \u201cMilenio\u201d)<\/p>\n","protected":false},"excerpt":{"rendered":"<p>Redacci\u00f3n\/Zona Roja Cdmx. Ciudad de M\u00e9xico, a 1 de enero de 2023.- En el \u00faltimo&hellip;<\/p>\n","protected":false},"author":2,"featured_media":49910,"comment_status":"closed","ping_status":"open","sticky":false,"template":"","format":"standard","meta":{"_lmt_disableupdate":"","_lmt_disable":"","_jetpack_memberships_contains_paid_content":false,"footnotes":""},"categories":[109,51],"tags":[622],"class_list":["post-49909","post","type-post","status-publish","format-standard","has-post-thumbnail","hentry","category-minuto-a-minuto","category-zona-roja","tag-michoacan"],"jetpack_featured_media_url":"https:\/\/zonaroja.com.mx\/wp-content\/uploads\/2023\/01\/Ninas-calcinadas-Michoacan.jpg","jetpack_sharing_enabled":true,"_links":{"self":[{"href":"https:\/\/zonaroja.com.mx\/index.php?rest_route=\/wp\/v2\/posts\/49909","targetHints":{"allow":["GET"]}}],"collection":[{"href":"https:\/\/zonaroja.com.mx\/index.php?rest_route=\/wp\/v2\/posts"}],"about":[{"href":"https:\/\/zonaroja.com.mx\/index.php?rest_route=\/wp\/v2\/types\/post"}],"author":[{"embeddable":true,"href":"https:\/\/zonaroja.com.mx\/index.php?rest_route=\/wp\/v2\/users\/2"}],"replies":[{"embeddable":true,"href":"https:\/\/zonaroja.com.mx\/index.php?rest_route=%2Fwp%2Fv2%2Fcomments&post=49909"}],"version-history":[{"count":1,"href":"https:\/\/zonaroja.com.mx\/index.php?rest_route=\/wp\/v2\/posts\/49909\/revisions"}],"predecessor-version":[{"id":49911,"href":"https:\/\/zonaroja.com.mx\/index.php?rest_route=\/wp\/v2\/posts\/49909\/revisions\/49911"}],"wp:featuredmedia":[{"embeddable":true,"href":"https:\/\/zonaroja.com.mx\/index.php?rest_route=\/wp\/v2\/media\/49910"}],"wp:attachment":[{"href":"https:\/\/zonaroja.com.mx\/index.php?rest_route=%2Fwp%2Fv2%2Fmedia&parent=49909"}],"wp:term":[{"taxonomy":"category","embeddable":true,"href":"https:\/\/zonaroja.com.mx\/index.php?rest_route=%2Fwp%2Fv2%2Fcategories&post=49909"},{"taxonomy":"post_tag","embeddable":true,"href":"https:\/\/zonaroja.com.mx\/index.php?rest_route=%2Fwp%2Fv2%2Ftags&post=49909"}],"curies":[{"name":"wp","href":"https:\/\/api.w.org\/{rel}","templated":true}]}}