{"id":49914,"date":"2023-01-01T09:00:00","date_gmt":"2023-01-01T15:00:00","guid":{"rendered":"http:\/\/www.zonaroja.com.mx\/?p=49914"},"modified":"2023-01-01T07:18:22","modified_gmt":"2023-01-01T13:18:22","slug":"concluye-el-ieepco-con-exito-elecciones-en-municipios-indigenas","status":"publish","type":"post","link":"https:\/\/zonaroja.com.mx\/?p=49914","title":{"rendered":"Concluye el IEEPCO con \u00e9xito elecciones en municipios ind\u00edgenas"},"content":{"rendered":"\n<p>Redacci\u00f3n\/Zona Roja.<\/p>\n\n\n\n<p>Oaxaca de Ju\u00e1rez, Oax., a 1 de enero de 2022.- La consejera presidenta del Instituto Estatal Electoral y de Participaci\u00f3n Ciudadana de Oaxaca (IEEPCO), Elizabeth S\u00e1nchez Gonz\u00e1lez, asegur\u00f3 que el Consejo General cumpli\u00f3 de manera exitosa con la calificaci\u00f3n de las elecciones ordinarias de Sistemas Normativos Ind\u00edgenas, antes del plazo en el que las autoridades electas deben tomar protesta.<\/p>\n\n\n\n<p>Lo anterior, en sesi\u00f3n extraordinaria urgente de anoche, en la que tambi\u00e9n estuvieron presentes las consejeras electorales Carmelita Sibaja Ochoa, Jessica Jazibe Hern\u00e1ndez Garc\u00eda, Nayma Enr\u00edquez Estrada y &nbsp;Zaira Alhel\u00ed Hip\u00f3lito L\u00f3pez; los consejeros electorales Alejandro Carrasco Sampedro y Wilfrido Lulio Almaraz Santib\u00e1\u00f1ez, as\u00ed como las representaciones de los partidos pol\u00edticos.&nbsp;<\/p>\n\n\n\n<p>S\u00e1nchez Gonz\u00e1lez explic\u00f3 que durante todo el a\u00f1o se llevaron a cabo diversas actividades como la conformaci\u00f3n y aprobaci\u00f3n del Cat\u00e1logo de Sistemas Normativos Ind\u00edgenas; el seguimiento a las Asambleas Comunitarias; el env\u00edo de personas observadoras electorales a petici\u00f3n de las comunidades; la designaci\u00f3n de autoridades electorales municipales; la recepci\u00f3n de la documentaci\u00f3n para conformar los expedientes; el estudio y an\u00e1lisis para la elaboraci\u00f3n de los proyectos de acuerdo; as\u00ed como las sesiones de di\u00e1logo y deliberaci\u00f3n del colegiado.&nbsp;<\/p>\n\n\n\n<p>Todo lo anterior, con el firme prop\u00f3sito de velar por el derecho a la autodeterminaci\u00f3n de las comunidades y pueblos ind\u00edgenas; por el ejercicio de los derechos pol\u00edticos de sus integrantes y, de manera simult\u00e1nea, por el reconocimiento de los derechos de las mujeres al interior.&nbsp;<\/p>\n\n\n\n<p>En este sentido, S\u00e1nchez Gonz\u00e1lez dio a conocer que fueron calificadas 407 Asambleas Comunitarias, mientras que 8 municipios no realizaron dicho ejercicio por diversos factores socio-pol\u00edticos; as\u00ed mismo detall\u00f3 que este primero de enero, 28 mujeres asumir\u00e1n las presidencias municipales de sus comunidades, de ah\u00ed que reconoci\u00f3 a la ciudadan\u00eda de dichos municipios por hacer parte de sus propios sistemas la participaci\u00f3n pol\u00edtica de las mujeres; mientras que a las mujeres electas las exhort\u00f3 a mantenerse fuertes hasta lograr el respeto de sus derechos y propuestas.&nbsp;<\/p>\n\n\n\n<p>\u201cA ustedes, quienes han sido electas, les puedo decir desde esta silla, con mucha honestidad, que no ser\u00e1 f\u00e1cil, porque somos medidas con una vara m\u00e1s alta, juzgadas con m\u00e1s rigor, y nuestros errores, incluso por usar mal una palabra, son maximizados como graves. No cedan, no acepten un no como respuesta a sus demandas de respeto a sus derechos y al impulso de sus propuestas\u201d, manifest\u00f3.<\/p>\n\n\n\n<p>RECONOCIMIENTO A PERSONAL<\/p>\n\n\n\n<p>De igual forma, reconoci\u00f3 la labor realizada por las consejeras electorales Carmelita Sibaja Ochoa, Jessica Jazibe Hern\u00e1ndez Garc\u00eda y Nayma Enr\u00edquez Estrada; y los consejeros electorales Alejandro Carrasco Sampedro y Wilfrido Lulio Almaraz Santib\u00e1\u00f1ez, de quienes destac\u00f3 su compromiso con el empoderamiento de las mujeres ind\u00edgenas; en este mismo sentido y de manera especial agradeci\u00f3 a la consejera electoral, Zaira Alhel\u00ed Hip\u00f3lito L\u00f3pez, quien presidi\u00f3 durante la mayor parte del a\u00f1o la Comisi\u00f3n de Sistemas Normativos Ind\u00edgenas.<\/p>\n\n\n\n<p>As\u00ed como al personal de la Direcci\u00f3n de Sistemas Normativos Ind\u00edgenas, de las Unidades T\u00e9cnicas de Igualdad de G\u00e9nero y No Discriminaci\u00f3n, de Comunicaci\u00f3n Social y de Servicios de Inform\u00e1tica, de la Coordinaci\u00f3n Administrativa y la Secretar\u00eda Ejecutiva, al equipo de Presidencia, muy especialmente, a Gerardo Mart\u00ednez y Cirenia V\u00e1squez, por su encomiable labor; as\u00ed como a las trabajadoras y trabajadores de diversas \u00e1reas del Instituto, que acudieron los fines de semana a las comunidades.<\/p>\n\n\n\n<p>\u201c2022 ha sido un a\u00f1o de trabajo muy intenso. Tuvimos elecciones extraordinarias, elecci\u00f3n ordinaria de Gubernatura y las elecciones de los 415 municipios de Sistemas Normativos Ind\u00edgenas, sacar adelante las tres elecciones fue posible por la entrega y profesionalismo del personal del IEEPCO. Sepan que el trabajo de todas y todos materializa derechos y forma parte de la construcci\u00f3n de la democracia en el estado y la protecci\u00f3n de los derechos de los pueblos y comunidades ind\u00edgenas\u201d, concluy\u00f3.<\/p>\n\n\n\n<p>Por su parte, la consejera electoral, Zaira Alhel\u00ed Hip\u00f3lito L\u00f3pez, reconoci\u00f3 las acciones implementadas al interior de las comunidades para cumplir con la paridad establecida en la normativa, as\u00ed como a las Asambleas que repusieron elecciones, dando muestra clara de organizaci\u00f3n para garantizar los derechos pol\u00edtico-electorales de las mujeres.<\/p>\n\n\n\n<p>Adem\u00e1s, hizo un respetuoso llamado a las Asambleas Comunitarias, autoridades municipales y poblaci\u00f3n en general de los diferentes municipios para que permitan a las mujeres el ejercicio de los cargos en contextos libre de violencia; y finaliz\u00f3 sum\u00e1ndose al reconocimiento del personal del \u00f3rgano electoral, particularmente a la Direcci\u00f3n de Sistemas Normativos Ind\u00edgenas.<\/p>\n","protected":false},"excerpt":{"rendered":"<p>Redacci\u00f3n\/Zona Roja. Oaxaca de Ju\u00e1rez, Oax., a 1 de enero de 2022.- La consejera presidenta&hellip;<\/p>\n","protected":false},"author":2,"featured_media":49916,"comment_status":"closed","ping_status":"open","sticky":false,"template":"","format":"standard","meta":{"_lmt_disableupdate":"","_lmt_disable":"","_jetpack_memberships_contains_paid_content":false,"footnotes":""},"categories":[109,46],"tags":[2932],"class_list":["post-49914","post","type-post","status-publish","format-standard","has-post-thumbnail","hentry","category-minuto-a-minuto","category-zona-blanca","tag-instituto-estatal-electoral-y-de-participacion-ciudadana-de-oaxaca-ieepco"],"jetpack_featured_media_url":"https:\/\/zonaroja.com.mx\/wp-content\/uploads\/2023\/01\/Sesion-IEEPCO-ultima.jpg","jetpack_sharing_enabled":true,"_links":{"self":[{"href":"https:\/\/zonaroja.com.mx\/index.php?rest_route=\/wp\/v2\/posts\/49914","targetHints":{"allow":["GET"]}}],"collection":[{"href":"https:\/\/zonaroja.com.mx\/index.php?rest_route=\/wp\/v2\/posts"}],"about":[{"href":"https:\/\/zonaroja.com.mx\/index.php?rest_route=\/wp\/v2\/types\/post"}],"author":[{"embeddable":true,"href":"https:\/\/zonaroja.com.mx\/index.php?rest_route=\/wp\/v2\/users\/2"}],"replies":[{"embeddable":true,"href":"https:\/\/zonaroja.com.mx\/index.php?rest_route=%2Fwp%2Fv2%2Fcomments&post=49914"}],"version-history":[{"count":1,"href":"https:\/\/zonaroja.com.mx\/index.php?rest_route=\/wp\/v2\/posts\/49914\/revisions"}],"predecessor-version":[{"id":49917,"href":"https:\/\/zonaroja.com.mx\/index.php?rest_route=\/wp\/v2\/posts\/49914\/revisions\/49917"}],"wp:featuredmedia":[{"embeddable":true,"href":"https:\/\/zonaroja.com.mx\/index.php?rest_route=\/wp\/v2\/media\/49916"}],"wp:attachment":[{"href":"https:\/\/zonaroja.com.mx\/index.php?rest_route=%2Fwp%2Fv2%2Fmedia&parent=49914"}],"wp:term":[{"taxonomy":"category","embeddable":true,"href":"https:\/\/zonaroja.com.mx\/index.php?rest_route=%2Fwp%2Fv2%2Fcategories&post=49914"},{"taxonomy":"post_tag","embeddable":true,"href":"https:\/\/zonaroja.com.mx\/index.php?rest_route=%2Fwp%2Fv2%2Ftags&post=49914"}],"curies":[{"name":"wp","href":"https:\/\/api.w.org\/{rel}","templated":true}]}}