{"id":49918,"date":"2023-01-01T10:00:00","date_gmt":"2023-01-01T16:00:00","guid":{"rendered":"http:\/\/www.zonaroja.com.mx\/?p=49918"},"modified":"2023-01-01T07:31:32","modified_gmt":"2023-01-01T13:31:32","slug":"detienen-a-individuo-como-probable-participe-de-doble-homicidio-en-la-capital-de-oaxaca","status":"publish","type":"post","link":"https:\/\/zonaroja.com.mx\/?p=49918","title":{"rendered":"Detienen a individuo como probable part\u00edcipe de doble homicidio en la capital de Oaxaca"},"content":{"rendered":"\n<p>Redacci\u00f3n\/Zona Roja.<\/p>\n\n\n\n<p>Oaxaca de Ju\u00e1rez, Oax., a 1 de enero de 2022.- Una persona del sexo masculino fue detenida este s\u00e1bado como probable part\u00edcipe del asesinato de dos individuos, perpetrado en los primeros minutos del pasado mi\u00e9rcoles en el Centro Hist\u00f3rico de la ciudad de Oaxaca.<\/p>\n\n\n\n<p>De acuerdo con datos preliminares de la Agencia Estatal de Investigaciones (AEI), dependiente de la Fiscal\u00eda General del Estado de Oaxaca, se trata de Gilberto Juan M. T., quien hab\u00eda sido aprehendido el pasado jueves por otros delitos pero ayer, al quedar el libertad, le fue aplicada una orden de aprehensi\u00f3n.<\/p>\n\n\n\n<p>Esta persona, junto con tres m\u00e1s, llegaron casi a la media noche del martes a una taquer\u00eda ubicada en la calle Las Casas esquina con 20 de Noviembre, a dos cuadras del z\u00f3calo, a consumir alimentos.<\/p>\n\n\n\n<p>Mientras eran atendidos, uno de los individuos que arribaron aun coche marca Ibiza, tom\u00f3 una gelatina que no estaba en venta, lo cual le reclam\u00f3 el taquero Pablo M. C., lo que irrit\u00f3 al cliente e inici\u00f3 una discusi\u00f3n, que trat\u00f3 de calmar otro comensal.<\/p>\n\n\n\n<p>Tras ello, uno de los cuatro sujetos sac\u00f3 del coche un arma de fuego y dispar\u00f3 en contra del taquero y del hombre que intentaba apaciguar los \u00e1nimos y que fue identificado como Wilebaldo E. B.; ambos baleados murieron al instante en el sitio mientras que los presuntos delincuentes lograron escapar.<\/p>\n\n\n\n<p>Tras la aprehensi\u00f3n ocurrida ayer, se prev\u00e9 que el juez de la causa dicte prisi\u00f3n preventiva y se inicie el proceso judicial; mientras tanto las autoridades ministeriales contin\u00faan con la b\u00fasqueda de los otros implicados.<\/p>\n","protected":false},"excerpt":{"rendered":"<p>Redacci\u00f3n\/Zona Roja. Oaxaca de Ju\u00e1rez, Oax., a 1 de enero de 2022.- Una persona del&hellip;<\/p>\n","protected":false},"author":2,"featured_media":49915,"comment_status":"closed","ping_status":"open","sticky":false,"template":"","format":"standard","meta":{"_lmt_disableupdate":"","_lmt_disable":"","_jetpack_memberships_contains_paid_content":false,"footnotes":""},"categories":[109,47],"tags":[148],"class_list":["post-49918","post","type-post","status-publish","format-standard","has-post-thumbnail","hentry","category-minuto-a-minuto","category-zona-gris","tag-oaxaca-de-juarez"],"jetpack_featured_media_url":"https:\/\/zonaroja.com.mx\/wp-content\/uploads\/2023\/01\/Detenido-asesinato-de-dos-ciudad-de-Oaxaca-Gilberto.jpg","jetpack_sharing_enabled":true,"_links":{"self":[{"href":"https:\/\/zonaroja.com.mx\/index.php?rest_route=\/wp\/v2\/posts\/49918","targetHints":{"allow":["GET"]}}],"collection":[{"href":"https:\/\/zonaroja.com.mx\/index.php?rest_route=\/wp\/v2\/posts"}],"about":[{"href":"https:\/\/zonaroja.com.mx\/index.php?rest_route=\/wp\/v2\/types\/post"}],"author":[{"embeddable":true,"href":"https:\/\/zonaroja.com.mx\/index.php?rest_route=\/wp\/v2\/users\/2"}],"replies":[{"embeddable":true,"href":"https:\/\/zonaroja.com.mx\/index.php?rest_route=%2Fwp%2Fv2%2Fcomments&post=49918"}],"version-history":[{"count":1,"href":"https:\/\/zonaroja.com.mx\/index.php?rest_route=\/wp\/v2\/posts\/49918\/revisions"}],"predecessor-version":[{"id":49919,"href":"https:\/\/zonaroja.com.mx\/index.php?rest_route=\/wp\/v2\/posts\/49918\/revisions\/49919"}],"wp:featuredmedia":[{"embeddable":true,"href":"https:\/\/zonaroja.com.mx\/index.php?rest_route=\/wp\/v2\/media\/49915"}],"wp:attachment":[{"href":"https:\/\/zonaroja.com.mx\/index.php?rest_route=%2Fwp%2Fv2%2Fmedia&parent=49918"}],"wp:term":[{"taxonomy":"category","embeddable":true,"href":"https:\/\/zonaroja.com.mx\/index.php?rest_route=%2Fwp%2Fv2%2Fcategories&post=49918"},{"taxonomy":"post_tag","embeddable":true,"href":"https:\/\/zonaroja.com.mx\/index.php?rest_route=%2Fwp%2Fv2%2Ftags&post=49918"}],"curies":[{"name":"wp","href":"https:\/\/api.w.org\/{rel}","templated":true}]}}