{"id":4992,"date":"2019-10-20T21:33:57","date_gmt":"2019-10-21T02:33:57","guid":{"rendered":"http:\/\/www.zonaroja.com.mx\/?p=4992"},"modified":"2019-10-20T21:34:00","modified_gmt":"2019-10-21T02:34:00","slug":"pidio-covic-a-amlo-que-renuncien-titular-de-la-sspo-y-delegado-de-segob","status":"publish","type":"post","link":"https:\/\/zonaroja.com.mx\/?p=4992","title":{"rendered":"Pidi\u00f3 Covic a AMLO que renuncien titular de la SSPO y delegado de Segob"},"content":{"rendered":"\n<p>Redacci\u00f3n\/Zona Roja.<\/p>\n\n\n\n<p>Oaxaca de Ju\u00e1rez, Oax., 20 de octubre\nde 2019.- El Comit\u00e9 de V\u00edctimas \u201c19 de Junio Nochixtl\u00e1n\u201d, pidi\u00f3 al Presidente\nAndr\u00e9s Manuel L\u00f3pez Obrador, que exija al gobierno estatal la renuncia del\ntitular de la Secretar\u00eda de Seguridad P\u00fablica de Oaxaca (SSPO), Ra\u00fal Ernesto Salcedo.<\/p>\n\n\n\n<p>Asimismo, que se destituya al actual\ndelegado de la Secretar\u00eda de Gobernaci\u00f3n en la entidad, Carlos Santiago\nCarrasco, confirm\u00f3 hoy el dirigente de ese organismo, Santiago Ambrosio\nHern\u00e1ndez.<\/p>\n\n\n\n<p>Lo anterior debido a que ambos actuales\nfuncionarios, estatal y federal, tomaron parte en las decisiones del desalojo\nviolento a maestros y pobladores el 19 de junio en Asunci\u00f3n Nochixtl\u00e1n, que\ndej\u00f3 como saldo 8 personas fallecidas.<\/p>\n\n\n\n<p>El ahora titular de la SSPO era delegado\ndel entonces Centro de Investigaci\u00f3n en Seguridad Nacional (Cisen) y el segundo\nfung\u00eda como secretario General de Gobierno en el sexenio de Gabino Cu\u00e9\nMonteagudo.<\/p>\n\n\n\n<p>\u201cDejamos claro al gobierno que lo\nemplazamos porque tambi\u00e9n vamos a hacer lo propio desde el punto de vista\njur\u00eddico, para que est\u00e9n destituyendo del cargo al secretario de Seguridad P\u00fablica\u201d,\ndijo Santiago Ambrosio durante un mitin efectuado hoy en la tarde en el z\u00f3calo\nde la capital del estado.<\/p>\n\n\n\n<p>Confirm\u00f3 que fueron atendidos por el\nPresidente de M\u00e9xico ayer en San Juan Bautista Cuicatl\u00e1n:<\/p>\n\n\n\n<p>\u201cLogramos el objetivo, nos atendi\u00f3, le\ndejamos claro nuestro posicionamiento, que respetamos aquellas v\u00edctimas que\nest\u00e9n en la decisi\u00f3n de irse a la reparaci\u00f3n del da\u00f1o, pero le dejamos tambi\u00e9n\nclaro que la Covic no va a la reparaci\u00f3n del a\u00f1o.<\/p>\n\n\n\n<p>\u201cQue el asunto econ\u00f3mico a nosotros no\nnos mueve y que lo que le exigimos que estuviera dando cumplimento lo que a la\nley corresponde, que es el esclarecimiento de los hechos, justicia, que se\nencarcele a esos funcionarios que dieron la orden de matar\u201d, dijo.<\/p>\n\n\n\n<p>\u201cDe la misma manera se le dijo a L\u00f3pez\nObrador que no era posible que estuviera de funcionario federal al ex titular de\nla Segego, Carlos Santiago Carrasco, que ellos ya fueron llamados a comparecer\ny tienen responsabilidad directa en esa masacre y por lo tanto tienen que ser\ndestituidos de su cargo\u201d, abund\u00f3.<\/p>\n\n\n\n<p>Agreg\u00f3 ahora van por el proceso judicial\nen contra del ex gobernador de Oaxaca, Gabino Cu\u00e9 Monteagudo, quien tambi\u00e9n\ndeber\u00e1 ser llamado a cuentas por la justicia.<\/p>\n\n\n\n<p>Confirm\u00f3 que habr\u00e1 interlocuci\u00f3n\ndirecta con el subsecretario de Gobernaci\u00f3n, Alejandro Encinas, y\nposteriormente habr\u00e1 una reuni\u00f3n t\u00e9cnica con el Presidente L\u00f3pez Obrador.<\/p>\n\n\n\n<p>El mitin se llev\u00f3 a cabo por parte de\nla Secci\u00f3n 22 del SNTE y organizaciones sociales que participaron en el VI\nEncuentro Nacional por la Unidad del Pueblo Mexicano.<\/p>\n","protected":false},"excerpt":{"rendered":"<p>Redacci\u00f3n\/Zona Roja. Oaxaca de Ju\u00e1rez, Oax., 20 de octubre de 2019.- El Comit\u00e9 de V\u00edctimas&hellip;<\/p>\n","protected":false},"author":2,"featured_media":4993,"comment_status":"closed","ping_status":"open","sticky":false,"template":"","format":"standard","meta":{"_lmt_disableupdate":"","_lmt_disable":"","_jetpack_memberships_contains_paid_content":false,"footnotes":""},"categories":[109,47],"tags":[249],"class_list":["post-4992","post","type-post","status-publish","format-standard","has-post-thumbnail","hentry","category-minuto-a-minuto","category-zona-gris","tag-comite-de-victimas-nochixtlan"],"jetpack_featured_media_url":"https:\/\/zonaroja.com.mx\/wp-content\/uploads\/2019\/10\/IMG_9659.jpg","jetpack_sharing_enabled":true,"_links":{"self":[{"href":"https:\/\/zonaroja.com.mx\/index.php?rest_route=\/wp\/v2\/posts\/4992","targetHints":{"allow":["GET"]}}],"collection":[{"href":"https:\/\/zonaroja.com.mx\/index.php?rest_route=\/wp\/v2\/posts"}],"about":[{"href":"https:\/\/zonaroja.com.mx\/index.php?rest_route=\/wp\/v2\/types\/post"}],"author":[{"embeddable":true,"href":"https:\/\/zonaroja.com.mx\/index.php?rest_route=\/wp\/v2\/users\/2"}],"replies":[{"embeddable":true,"href":"https:\/\/zonaroja.com.mx\/index.php?rest_route=%2Fwp%2Fv2%2Fcomments&post=4992"}],"version-history":[{"count":1,"href":"https:\/\/zonaroja.com.mx\/index.php?rest_route=\/wp\/v2\/posts\/4992\/revisions"}],"predecessor-version":[{"id":4994,"href":"https:\/\/zonaroja.com.mx\/index.php?rest_route=\/wp\/v2\/posts\/4992\/revisions\/4994"}],"wp:featuredmedia":[{"embeddable":true,"href":"https:\/\/zonaroja.com.mx\/index.php?rest_route=\/wp\/v2\/media\/4993"}],"wp:attachment":[{"href":"https:\/\/zonaroja.com.mx\/index.php?rest_route=%2Fwp%2Fv2%2Fmedia&parent=4992"}],"wp:term":[{"taxonomy":"category","embeddable":true,"href":"https:\/\/zonaroja.com.mx\/index.php?rest_route=%2Fwp%2Fv2%2Fcategories&post=4992"},{"taxonomy":"post_tag","embeddable":true,"href":"https:\/\/zonaroja.com.mx\/index.php?rest_route=%2Fwp%2Fv2%2Ftags&post=4992"}],"curies":[{"name":"wp","href":"https:\/\/api.w.org\/{rel}","templated":true}]}}