{"id":49922,"date":"2023-01-01T11:48:00","date_gmt":"2023-01-01T17:48:00","guid":{"rendered":"http:\/\/www.zonaroja.com.mx\/?p=49922"},"modified":"2023-01-01T13:40:59","modified_gmt":"2023-01-01T19:40:59","slug":"rusia-inicia-el-ano-nuevo-2023-con-bombardeos-en-ucrania","status":"publish","type":"post","link":"https:\/\/zonaroja.com.mx\/?p=49922","title":{"rendered":"Rusia inicia el A\u00f1o Nuevo 2023 con bombardeos en Ucrania"},"content":{"rendered":"\n<p>Redacci\u00f3n\/Zona Roja Cdmx.<\/p>\n\n\n\n<p>Ciudad de M\u00e9xico, a 1 de enero de 2023.- Apenas media hora despu\u00e9s de empezar 2023, varias detonaciones sacudieron dos distritos de la capital ucraniana, dijo el alcalde Vitali Klitschko en Telegram, quien a\u00f1adi\u00f3 que no hab\u00eda de momento informaciones de v\u00edctimas.<\/p>\n\n\n\n<p>Poco antes, en su discurso de fin de a\u00f1o, el presidente Volodimir Zelenski hab\u00eda asegurado que su pa\u00eds luchar\u00e1 hasta alcanzar la \u00abvictoria\u00bb: \u00abCombatimos y seguiremos combatiendo. Para hacer realidad esta palabra: la victoria\u00bb.<\/p>\n\n\n\n<p>El mismo d\u00eda, su hom\u00f3logo ruso, Vladimir Putin, hab\u00eda dicho que \u00abla justeza moral\u00bb est\u00e1 de parte de Rusia.<\/p>\n\n\n\n<p>Casi en paralelo a ese discurso, periodistas de la AFP escucharon al menos 11 explosiones en Kiev, que se prepar\u00f3 para celebrar el A\u00f1o Nuevo a pesar de los m\u00e1s de diez meses de guerra.<\/p>\n\n\n\n<p>Seg\u00fan el gobierno municipal de la capital, al menos una persona muri\u00f3 y 22 resultaron heridas por estos ataques, que arrancaron la fachada del hotel Alfavito, en el centro, dejando escombros por la calle, seg\u00fan la AFP.<\/p>\n\n\n\n<p>Las aceras cercanas estaban cubiertas de cristales de ventanas reventadas, incluidas las del Palacio Nacional de las Artes.&nbsp;<\/p>\n\n\n\n<p>El cineasta Yaroslav Mutenko, de 23 a\u00f1os, vecino del barrio, dijo que se estaba duchando antes de ir a una fiesta de Nochevieja cuando oy\u00f3 una explosi\u00f3n. El \u00faltimo bombardeo ruso no le quit\u00f3 las ganas de ir.&nbsp;<\/p>\n\n\n\n<p>\u00abNuestros enemigos, los rusos, pueden destruir nuestra calma, pero no pueden destruir nuestro esp\u00edritu. Este a\u00f1o es importante tener gente cerca\u00bb, afirm\u00f3.<\/p>\n\n\n\n<p>Tras los bombardeos, Zelenski asegur\u00f3 que \u00abUcrania no perdonar\u00e1\u00bb a Rusia y dijo que \u00abaquellos que ordenaron estos ataques, aquellos que los ejecutaron, no se beneficiar\u00e1n de ning\u00fan indulto\u00bb.<\/p>\n\n\n\n<p>Misiles de crucero<\/p>\n\n\n\n<p>En el resto de Ucrania, los ataques rusos causaron destrozos e incendios en Mikolaiv, en el sur, donde al menos seis personas resultaron heridas, y en Jmelnitski, en el oeste, donde cuatro personas resultaron heridas.<\/p>\n\n\n\n<p>Seg\u00fan el jefe del Estado Mayor ucraniano, Valerii Zaluzhnyi, las fuerzas rusas dispararon 20 misiles de crucero, incluido desde bombarderos en el mar Caspio, 12 de los cuales fueron derribados por la defensa antia\u00e9rea.<\/p>\n\n\n\n<p>Tras varios reveses militares en el frente, Rusia ha optado desde octubre por la t\u00e1ctica de bombardear las infraestructuras ucranianas, lo que provoca cortes masivos de electricidad y agua corriente.<\/p>\n\n\n\n<p>Este mismo s\u00e1bado, en su mensaje de A\u00f1o Nuevo retransmitido por la televisi\u00f3n, Vladimir Putin asegur\u00f3 que la \u00abjusteza moral e hist\u00f3rica\u00bb estaban \u00abdel lado\u00bb de su pa\u00eds.<\/p>\n\n\n\n<p>\u00abHoy luchamos por ello, protegiendo a nuestro pueblo en nuestros propios territorios hist\u00f3ricos, en las nuevas entidades constituyentes de la Federaci\u00f3n Rusa\u00bb, afirm\u00f3.<\/p>\n\n\n\n<p>Rusia asegur\u00f3 en septiembre haberse anexionado cuatro territorios ucranianos que controla al menos parcialmente, siguiendo el patr\u00f3n de su anexi\u00f3n de la pen\u00ednsula de Crimea en marzo de 2014.<\/p>\n\n\n\n<p>\u00abDebilitar a Rusia\u00bb<\/p>\n\n\n\n<p>El presidente ruso tambi\u00e9n denunci\u00f3 la \u00abverdadera guerra de sanciones que nos ha sido declarada\u00bb por los occidentales.<\/p>\n\n\n\n<p>\u00abLos que la lanzaron esperaban la destrucci\u00f3n total de nuestra industria, de nuestras finanzas y de nuestros transportes. Eso no ocurri\u00f3\u00bb, dijo.<\/p>\n\n\n\n<p>Adem\u00e1s acus\u00f3 a Estados Unidos y Europa de \u00abusar c\u00ednicamente a Ucrania y su pueblo para debilitar y dividir a Rusia\u00bb.<\/p>\n\n\n\n<p>(Informaci\u00f3n de la agencia AFP en \u201cEx\u00e9lsior\u201d)<\/p>\n","protected":false},"excerpt":{"rendered":"<p>Redacci\u00f3n\/Zona Roja Cdmx. Ciudad de M\u00e9xico, a 1 de enero de 2023.- Apenas media hora&hellip;<\/p>\n","protected":false},"author":2,"featured_media":40644,"comment_status":"closed","ping_status":"open","sticky":false,"template":"","format":"standard","meta":{"_lmt_disableupdate":"","_lmt_disable":"","_jetpack_memberships_contains_paid_content":false,"footnotes":""},"categories":[109,47],"tags":[3040],"class_list":["post-49922","post","type-post","status-publish","format-standard","has-post-thumbnail","hentry","category-minuto-a-minuto","category-zona-gris","tag-conflicto-ucrania-rusia-2"],"jetpack_featured_media_url":"https:\/\/zonaroja.com.mx\/wp-content\/uploads\/2022\/05\/Guerra-Rusia-Ucrania.jpg","jetpack_sharing_enabled":true,"_links":{"self":[{"href":"https:\/\/zonaroja.com.mx\/index.php?rest_route=\/wp\/v2\/posts\/49922","targetHints":{"allow":["GET"]}}],"collection":[{"href":"https:\/\/zonaroja.com.mx\/index.php?rest_route=\/wp\/v2\/posts"}],"about":[{"href":"https:\/\/zonaroja.com.mx\/index.php?rest_route=\/wp\/v2\/types\/post"}],"author":[{"embeddable":true,"href":"https:\/\/zonaroja.com.mx\/index.php?rest_route=\/wp\/v2\/users\/2"}],"replies":[{"embeddable":true,"href":"https:\/\/zonaroja.com.mx\/index.php?rest_route=%2Fwp%2Fv2%2Fcomments&post=49922"}],"version-history":[{"count":1,"href":"https:\/\/zonaroja.com.mx\/index.php?rest_route=\/wp\/v2\/posts\/49922\/revisions"}],"predecessor-version":[{"id":49923,"href":"https:\/\/zonaroja.com.mx\/index.php?rest_route=\/wp\/v2\/posts\/49922\/revisions\/49923"}],"wp:featuredmedia":[{"embeddable":true,"href":"https:\/\/zonaroja.com.mx\/index.php?rest_route=\/wp\/v2\/media\/40644"}],"wp:attachment":[{"href":"https:\/\/zonaroja.com.mx\/index.php?rest_route=%2Fwp%2Fv2%2Fmedia&parent=49922"}],"wp:term":[{"taxonomy":"category","embeddable":true,"href":"https:\/\/zonaroja.com.mx\/index.php?rest_route=%2Fwp%2Fv2%2Fcategories&post=49922"},{"taxonomy":"post_tag","embeddable":true,"href":"https:\/\/zonaroja.com.mx\/index.php?rest_route=%2Fwp%2Fv2%2Ftags&post=49922"}],"curies":[{"name":"wp","href":"https:\/\/api.w.org\/{rel}","templated":true}]}}