{"id":49926,"date":"2023-01-01T12:53:00","date_gmt":"2023-01-01T18:53:00","guid":{"rendered":"http:\/\/www.zonaroja.com.mx\/?p=49926"},"modified":"2023-01-01T13:31:53","modified_gmt":"2023-01-01T19:31:53","slug":"pend2","status":"publish","type":"post","link":"https:\/\/zonaroja.com.mx\/?p=49926","title":{"rendered":"Inicia el 2023 en Oaxaca con dos ejecutados a balazos"},"content":{"rendered":"\n<p>Ismael Garc\u00eda M.\/Zona Roja.<\/p>\n\n\n\n<p>Oaxaca de Ju\u00e1rez, Oax., a 1 de enero de 2023.- Con dos personas asesinadas por disparos de arma de fuego inici\u00f3 el a\u00f1o 2023 en Oaxaca. De acuerdo con registros hemerogr\u00e1ficas, durante diciembre, el primer mes del gobierno de Salom\u00f3n Jara Cruz, surgido de Morena, se cometieron alrededor de 100 homicidios dolosos.<\/p>\n\n\n\n<p>Este domingo, en el paraje \u00abAgua Blanca\u00bb, del municipio de Soledad, en el distrito de Etla, fue localizado el cuerpo sin vida de una persona del sexo masculino, que adem\u00e1s presenta huellas de tortura y lesiones producidas por bala.<\/p>\n\n\n\n<p>La v\u00edctima a\u00fan no ha sido identificada y tambi\u00e9n se hall\u00f3 atada de pies y manos; fue abandonada a un costado de un camino de terracer\u00eda.<\/p>\n\n\n\n<p>Mientras que tambi\u00e9n este d\u00eda pero en un domicilio de la Villa de Zaachila, sujetos armados ingresaron y dieron muerte a una persona identificada con las iniciales J. C. P. G., de 36 a\u00f1os de edad.<\/p>\n\n\n\n<p>La v\u00edctima se hallaba en su hogar, ubicado en la colonia 24 de Julio, cuando ingresaron los sujetos armados que le dieron muerte con disparos de arma de fuego, tras lo cual huyeron.<\/p>\n\n\n\n<p>En ambos casos a\u00fan no hay personas detenidas.<\/p>\n","protected":false},"excerpt":{"rendered":"<p>Ismael Garc\u00eda M.\/Zona Roja. Oaxaca de Ju\u00e1rez, Oax., a 1 de enero de 2023.- Con&hellip;<\/p>\n","protected":false},"author":2,"featured_media":49932,"comment_status":"closed","ping_status":"open","sticky":false,"template":"","format":"standard","meta":{"_lmt_disableupdate":"","_lmt_disable":"","_jetpack_memberships_contains_paid_content":false,"footnotes":""},"categories":[109,51],"tags":[1245],"class_list":["post-49926","post","type-post","status-publish","format-standard","has-post-thumbnail","hentry","category-minuto-a-minuto","category-zona-roja","tag-soledad-etla"],"jetpack_featured_media_url":"https:\/\/zonaroja.com.mx\/wp-content\/uploads\/2023\/01\/Ejecutado-Soledad-Etla.jpg","jetpack_sharing_enabled":true,"_links":{"self":[{"href":"https:\/\/zonaroja.com.mx\/index.php?rest_route=\/wp\/v2\/posts\/49926","targetHints":{"allow":["GET"]}}],"collection":[{"href":"https:\/\/zonaroja.com.mx\/index.php?rest_route=\/wp\/v2\/posts"}],"about":[{"href":"https:\/\/zonaroja.com.mx\/index.php?rest_route=\/wp\/v2\/types\/post"}],"author":[{"embeddable":true,"href":"https:\/\/zonaroja.com.mx\/index.php?rest_route=\/wp\/v2\/users\/2"}],"replies":[{"embeddable":true,"href":"https:\/\/zonaroja.com.mx\/index.php?rest_route=%2Fwp%2Fv2%2Fcomments&post=49926"}],"version-history":[{"count":2,"href":"https:\/\/zonaroja.com.mx\/index.php?rest_route=\/wp\/v2\/posts\/49926\/revisions"}],"predecessor-version":[{"id":49933,"href":"https:\/\/zonaroja.com.mx\/index.php?rest_route=\/wp\/v2\/posts\/49926\/revisions\/49933"}],"wp:featuredmedia":[{"embeddable":true,"href":"https:\/\/zonaroja.com.mx\/index.php?rest_route=\/wp\/v2\/media\/49932"}],"wp:attachment":[{"href":"https:\/\/zonaroja.com.mx\/index.php?rest_route=%2Fwp%2Fv2%2Fmedia&parent=49926"}],"wp:term":[{"taxonomy":"category","embeddable":true,"href":"https:\/\/zonaroja.com.mx\/index.php?rest_route=%2Fwp%2Fv2%2Fcategories&post=49926"},{"taxonomy":"post_tag","embeddable":true,"href":"https:\/\/zonaroja.com.mx\/index.php?rest_route=%2Fwp%2Fv2%2Ftags&post=49926"}],"curies":[{"name":"wp","href":"https:\/\/api.w.org\/{rel}","templated":true}]}}