{"id":49940,"date":"2023-01-01T20:52:53","date_gmt":"2023-01-02T02:52:53","guid":{"rendered":"http:\/\/www.zonaroja.com.mx\/?p=49940"},"modified":"2023-01-01T21:10:03","modified_gmt":"2023-01-02T03:10:03","slug":"encarcelan-a-indigena-de-oaxaca-por-no-avisar-de-comida-a-edil","status":"publish","type":"post","link":"https:\/\/zonaroja.com.mx\/?p=49940","title":{"rendered":"Encarcelan a ind\u00edgena de Oaxaca\u2026 por no avisar de comida a edil"},"content":{"rendered":"\n<p>Ismael Garc\u00eda M.\/Zona Roja.<\/p>\n\n\n\n<p>Oaxaca de Ju\u00e1rez, Oax., a 1 de enero de 2023.- Entre sollozos, una mujer ind\u00edgena zapoteca narr\u00f3 su tragedia desde la c\u00e1rcel de una comunidad de Oaxaca.<\/p>\n\n\n\n<p>Fue encerrada por no avisar a la autoridad de San Migue Albarradas, agencia del municipio de la Villa de Mitla, de una comida que se realizar\u00eda en la casa de la Se\u00f1orita Am\u00e9rica, tras el desfile por la Independencia de M\u00e9xico, el pasado 16 de septiembre.<\/p>\n\n\n\n<p>La autoridad de la localidad se irrit\u00f3 porque do\u00f1a Josefina M. R. no le avis\u00f3 a tiempo que ten\u00eda que acudir a la casa de la joven que encabez\u00f3 las fiestas patrias, por lo cual la reconvino y le impuso adem\u00e1s una multa de dos mil pesos.<\/p>\n\n\n\n<p>Pero ante la imposibilidad de pagarlo, la mujer fue encerrada el pasado 29 de diciembre en los separos, desde uno de sus familiares grab\u00f3 un video que fue difundido a trav\u00e9s de las redes sociales, principalmente Facebook.<\/p>\n\n\n\n<p>La mujer se disculp\u00f3 en ese entonces con la autoridad auxiliar pues otras actividades de la festividad la distrajeron cuando se anunci\u00f3 en la bocina del pueblo acerca de la comida; pero no fue aceptada su disculpa.<\/p>\n\n\n\n<p>De acuerdo con los pobladores, la autoridad auxiliar ha amagado con imponer multas hasta por cinco mil pesos a quienes pretendan interponer una denuncia ante la Fiscal\u00eda General del Estado por las determinaciones que toman, arguyendo que son usos y costumbres del pueblo que se deben respetar.<\/p>\n\n\n\n<figure class=\"wp-block-embed is-type-rich is-provider-twitter wp-block-embed-twitter\"><div class=\"wp-block-embed__wrapper\">\n<div class=\"twitter-tweet\"><blockquote class=\"twitter-tweet\" data-lang=\"es\"><p lang=\"es\" dir=\"ltr\">Con violencia en contra de las mujeres cerr\u00f3 el 2022 en <a href=\"https:\/\/twitter.com\/hashtag\/Oaxaca?src=hash&amp;ref_src=twsrc%5Etfw\">#Oaxaca<\/a>.<br>En la agencia de San Miguel Albarradas, del municipio de Villa de Mitla, la se\u00f1ora Josefina M. R. fue encarcelada la semana pasada y multada con dos mil pesos\u2026 por no haber avisado a las autoridades de una comida. <a href=\"https:\/\/t.co\/Z4AdMadmzx\">pic.twitter.com\/Z4AdMadmzx<\/a><\/p>&mdash; Zona Roja Oaxaca (@ZonaRoja_Oaxaca) <a href=\"https:\/\/twitter.com\/ZonaRoja_Oaxaca\/status\/1609596895491416064?ref_src=twsrc%5Etfw\">1 de enero de 2023<\/a><\/blockquote><\/div>\n<\/div><\/figure>\n","protected":false},"excerpt":{"rendered":"<p>Ismael Garc\u00eda M.\/Zona Roja. Oaxaca de Ju\u00e1rez, Oax., a 1 de enero de 2023.- Entre&hellip;<\/p>\n","protected":false},"author":2,"featured_media":49942,"comment_status":"closed","ping_status":"open","sticky":false,"template":"","format":"standard","meta":{"_lmt_disableupdate":"","_lmt_disable":"","_jetpack_memberships_contains_paid_content":false,"footnotes":""},"categories":[109,47],"tags":[],"class_list":["post-49940","post","type-post","status-publish","format-standard","has-post-thumbnail","hentry","category-minuto-a-minuto","category-zona-gris"],"jetpack_featured_media_url":"https:\/\/zonaroja.com.mx\/wp-content\/uploads\/2023\/01\/Mujer-encarcelada-Albarradas-Mitla.jpg","jetpack_sharing_enabled":true,"_links":{"self":[{"href":"https:\/\/zonaroja.com.mx\/index.php?rest_route=\/wp\/v2\/posts\/49940","targetHints":{"allow":["GET"]}}],"collection":[{"href":"https:\/\/zonaroja.com.mx\/index.php?rest_route=\/wp\/v2\/posts"}],"about":[{"href":"https:\/\/zonaroja.com.mx\/index.php?rest_route=\/wp\/v2\/types\/post"}],"author":[{"embeddable":true,"href":"https:\/\/zonaroja.com.mx\/index.php?rest_route=\/wp\/v2\/users\/2"}],"replies":[{"embeddable":true,"href":"https:\/\/zonaroja.com.mx\/index.php?rest_route=%2Fwp%2Fv2%2Fcomments&post=49940"}],"version-history":[{"count":2,"href":"https:\/\/zonaroja.com.mx\/index.php?rest_route=\/wp\/v2\/posts\/49940\/revisions"}],"predecessor-version":[{"id":49944,"href":"https:\/\/zonaroja.com.mx\/index.php?rest_route=\/wp\/v2\/posts\/49940\/revisions\/49944"}],"wp:featuredmedia":[{"embeddable":true,"href":"https:\/\/zonaroja.com.mx\/index.php?rest_route=\/wp\/v2\/media\/49942"}],"wp:attachment":[{"href":"https:\/\/zonaroja.com.mx\/index.php?rest_route=%2Fwp%2Fv2%2Fmedia&parent=49940"}],"wp:term":[{"taxonomy":"category","embeddable":true,"href":"https:\/\/zonaroja.com.mx\/index.php?rest_route=%2Fwp%2Fv2%2Fcategories&post=49940"},{"taxonomy":"post_tag","embeddable":true,"href":"https:\/\/zonaroja.com.mx\/index.php?rest_route=%2Fwp%2Fv2%2Ftags&post=49940"}],"curies":[{"name":"wp","href":"https:\/\/api.w.org\/{rel}","templated":true}]}}