{"id":49949,"date":"2023-01-02T07:20:53","date_gmt":"2023-01-02T13:20:53","guid":{"rendered":"http:\/\/www.zonaroja.com.mx\/?p=49949"},"modified":"2023-01-02T07:20:55","modified_gmt":"2023-01-02T13:20:55","slug":"sin-incidentes-mayores-termina-cambio-de-autoridades-municipales","status":"publish","type":"post","link":"https:\/\/zonaroja.com.mx\/?p=49949","title":{"rendered":"Sin incidentes mayores termina cambio de autoridades municipales"},"content":{"rendered":"\n<p>Redacci\u00f3n\/Zona Roja.<\/p>\n\n\n\n<p>Oaxaca de Ju\u00e1rez, Oax., a 2 de enero de 2023.- Sin incidentes mayores, m\u00e1s que la quema de dos veh\u00edculos en San Raymundo Jalpan, culmin\u00f3 la jornada de transmisi\u00f3n de poderes municipales, este 1 de enero.<\/p>\n\n\n\n<p>No obstante, hasta el momento ni la Secretar\u00eda de Gobierno ni la Secretar\u00eda de Seguridad han dado a conocer el saldo oficial de la jornada.<\/p>\n\n\n\n<p>Seg\u00fan inform\u00f3 el Instituto Estatal Electoral y de Participaci\u00f3n Ciudadana de Oaxaca, el \u00faltimo d\u00eda del a\u00f1o pasado calific\u00f3 407 elecciones de concejal\u00edas y s\u00f3lo ocho quedaron pendientes.<\/p>\n\n\n\n<p>Estos \u00faltimos ser\u00edan Abejones, en la regi\u00f3n Sierra de Ju\u00e1rez; en San Juan Bautista Guelache, Valles Centrales; Calihual\u00e1, San Andr\u00e9s Lagunas y San Pedro M\u00e1rtir Yucuxaco, en la Mixteca.&nbsp;<\/p>\n\n\n\n<p>Candelaria Loxicha, en la regi\u00f3n Costa, y Santa Mar\u00eda Sola, en la Sierra Sur; en ellos habr\u00eda un comisionado en tanto se convocan a nuevas elecciones.<\/p>\n\n\n\n<p>La ma\u00f1ana de ayer, en el municipio de San Raymundo Jalpan fue incendiado un veh\u00edculo particular, presuntamente de un integrante del Cabildo; supuestamente fue por una falla mec\u00e1nica.<\/p>\n\n\n\n<p>Y por la noche fue incendiado, \u00e9ste de manera intencional, un coche tipo Jetta, color blanco, supuestamente por personas encapuchadas, no identificadas.<\/p>\n\n\n\n<p>Fuera de ello, el cambio de autoridades municipales se realiz\u00f3 sin contratiempos en todo el estado.<\/p>\n","protected":false},"excerpt":{"rendered":"<p>Redacci\u00f3n\/Zona Roja. Oaxaca de Ju\u00e1rez, Oax., a 2 de enero de 2023.- Sin incidentes mayores,&hellip;<\/p>\n","protected":false},"author":2,"featured_media":49950,"comment_status":"closed","ping_status":"open","sticky":false,"template":"","format":"standard","meta":{"_lmt_disableupdate":"","_lmt_disable":"","_jetpack_memberships_contains_paid_content":false,"footnotes":""},"categories":[109,47],"tags":[],"class_list":["post-49949","post","type-post","status-publish","format-standard","has-post-thumbnail","hentry","category-minuto-a-minuto","category-zona-gris"],"jetpack_featured_media_url":"https:\/\/zonaroja.com.mx\/wp-content\/uploads\/2023\/01\/Toma-de-posesion-edil-Pluma-Hidalgo.jpg","jetpack_sharing_enabled":true,"_links":{"self":[{"href":"https:\/\/zonaroja.com.mx\/index.php?rest_route=\/wp\/v2\/posts\/49949","targetHints":{"allow":["GET"]}}],"collection":[{"href":"https:\/\/zonaroja.com.mx\/index.php?rest_route=\/wp\/v2\/posts"}],"about":[{"href":"https:\/\/zonaroja.com.mx\/index.php?rest_route=\/wp\/v2\/types\/post"}],"author":[{"embeddable":true,"href":"https:\/\/zonaroja.com.mx\/index.php?rest_route=\/wp\/v2\/users\/2"}],"replies":[{"embeddable":true,"href":"https:\/\/zonaroja.com.mx\/index.php?rest_route=%2Fwp%2Fv2%2Fcomments&post=49949"}],"version-history":[{"count":1,"href":"https:\/\/zonaroja.com.mx\/index.php?rest_route=\/wp\/v2\/posts\/49949\/revisions"}],"predecessor-version":[{"id":49951,"href":"https:\/\/zonaroja.com.mx\/index.php?rest_route=\/wp\/v2\/posts\/49949\/revisions\/49951"}],"wp:featuredmedia":[{"embeddable":true,"href":"https:\/\/zonaroja.com.mx\/index.php?rest_route=\/wp\/v2\/media\/49950"}],"wp:attachment":[{"href":"https:\/\/zonaroja.com.mx\/index.php?rest_route=%2Fwp%2Fv2%2Fmedia&parent=49949"}],"wp:term":[{"taxonomy":"category","embeddable":true,"href":"https:\/\/zonaroja.com.mx\/index.php?rest_route=%2Fwp%2Fv2%2Fcategories&post=49949"},{"taxonomy":"post_tag","embeddable":true,"href":"https:\/\/zonaroja.com.mx\/index.php?rest_route=%2Fwp%2Fv2%2Ftags&post=49949"}],"curies":[{"name":"wp","href":"https:\/\/api.w.org\/{rel}","templated":true}]}}