{"id":4995,"date":"2019-10-21T06:52:38","date_gmt":"2019-10-21T11:52:38","guid":{"rendered":"http:\/\/www.zonaroja.com.mx\/?p=4995"},"modified":"2019-10-21T06:52:40","modified_gmt":"2019-10-21T11:52:40","slug":"los-pueblos-indigenas-se-suman-al-llamado-a-la-paz-y-la-reconciliacion-de-amlo","status":"publish","type":"post","link":"https:\/\/zonaroja.com.mx\/?p=4995","title":{"rendered":"Los pueblos ind\u00edgenas se suman al llamado a la paz y la reconciliaci\u00f3n de AMLO"},"content":{"rendered":"\n<p>Redacci\u00f3n\/Zona Roja Cdmx.<\/p>\n\n\n\n<p>Ciudad de M\u00e9xico, 21 de octubre de\n2019.- Los pueblos ind\u00edgenas y afromexicano se sumaron al llamado a la paz y a\nla reconciliaci\u00f3n, al pacto de unidad que ha venido planteando desde su toma de\nposesi\u00f3n el Presidente de M\u00e9xico, Andr\u00e9s Manuel L\u00f3pez Obrador, inform\u00f3 el\nInstituto Nacional de Pueblos Ind\u00edgenas (INPI).<\/p>\n\n\n\n<p>El mandatario federal afirm\u00f3 durante el\ninicio de la gira de trabajo por Oaxaca que el Estado mexicano nunca m\u00e1s\nutilizar\u00e1 la fuerza p\u00fablica para reprimir al pueblo, adem\u00e1s de que anunci\u00f3\nimportantes acciones de beneficio para las comunidades ind\u00edgenas y\nafromexicanos de todo el pa\u00eds.<\/p>\n\n\n\n<p>Al inaugurar en la entidad oaxaque\u00f1a la gira de di\u00e1logo nacional con los 68 pueblos ind\u00edgenas y afromexicano, L\u00f3pez Obrador visit\u00f3 los municipios de Putla Villa de Guerrero, Asunci\u00f3n Nochixtl\u00e1n y San Juan Bautista Cuicatl\u00e1n, donde sostuvo encuentros fraternos con representantes de los pueblos Triqui, Mixteco, Tacuate, N\u00e1huatl, Amuzgo, Chocholteco, Cuicateco, Chinanteco, Mazateco, Ixcateco y Afromexicano, ante quienes refrend\u00f3 que su gobierno atender\u00e1 a todas y todos, pero dando prioridad a los m\u00e1s pobres y a los ind\u00edgenas.<\/p>\n\n\n\n<figure class=\"wp-block-image\"><img decoding=\"async\" width=\"598\" height=\"385\" src=\"http:\/\/www.zonaroja.com.mx\/wp-content\/uploads\/2019\/10\/Adelfo-Regino-Montes-1.png\" alt=\"\" class=\"wp-image-4996\" srcset=\"https:\/\/zonaroja.com.mx\/wp-content\/uploads\/2019\/10\/Adelfo-Regino-Montes-1.png 598w, https:\/\/zonaroja.com.mx\/wp-content\/uploads\/2019\/10\/Adelfo-Regino-Montes-1-300x193.png 300w, https:\/\/zonaroja.com.mx\/wp-content\/uploads\/2019\/10\/Adelfo-Regino-Montes-1-585x377.png 585w\" sizes=\"(max-width: 598px) 100vw, 598px\" \/><\/figure>\n\n\n\n<p>En el primer di\u00e1logo abierto con los\npueblos Triqui, Mixteco, Tacuate, N\u00e1huatl y Amuzgo en Putla Villa de Guerrero,\ndonde se dieron cita decenas de autoridades municipales, comunitarias y\nagrarias que levantaron su bast\u00f3n de mando como s\u00edmbolo de respeto y apoyo, el\njefe de la naci\u00f3n refrend\u00f3 que su gobierno reconoce a los pueblos ind\u00edgenas\ncomo sujetos de su propio devenir; por ello, las pol\u00edticas y programas sociales\nse encaminan en el marco de esta nueva visi\u00f3n.<\/p>\n\n\n\n<p>Durante la hist\u00f3rica ceremonia, el\nagente municipal de San Juan Copala \u2013comunidad ubicada en el coraz\u00f3n de la\nRegi\u00f3n Triqui\u2013, Misael Sandoval Garc\u00eda, agradeci\u00f3 al Presidente por haber\nllegado a la localidad como un hombre de pueblo, recorriendo sus caminos por\ntierra y atestiguando sus necesidades m\u00e1s sentidas. <\/p>\n\n\n\n<p>\u201cCon nuestras propuestas, vamos a sumarnos al llamado a la paz y la reconciliaci\u00f3n que usted ha hecho, al nuevo pa\u00eds que usted encabeza, ese es nuestro sentir\u201d.<\/p>\n\n\n\n<figure class=\"wp-block-embed-twitter wp-block-embed is-type-rich is-provider-twitter\"><div class=\"wp-block-embed__wrapper\">\n<div class=\"twitter-tweet\"><blockquote class=\"twitter-tweet\" data-lang=\"es\"><p lang=\"es\" dir=\"ltr\">Durante su mensaje, el director general del <a href=\"https:\/\/twitter.com\/INPImx?ref_src=twsrc%5Etfw\">@INPImx<\/a>, <a href=\"https:\/\/twitter.com\/DEELAYUUK?ref_src=twsrc%5Etfw\">@DEELAYUUK<\/a>, reprob\u00f3 los hechos violentos en Asunci\u00f3n Nochixtl\u00e1n el 19 de junio de 2016; \u201cpor eso celebramos su estrategia de paz, unidad y reconciliaci\u00f3n\u201d, dijo al Presidente <a href=\"https:\/\/twitter.com\/lopezobrador_?ref_src=twsrc%5Etfw\">@lopezobrador_<\/a>. <a href=\"https:\/\/t.co\/Fz6qew1Ewp\">pic.twitter.com\/Fz6qew1Ewp<\/a><\/p>&mdash; Zona Roja Oaxaca (@MexRoja) <a href=\"https:\/\/twitter.com\/MexRoja\/status\/1185729793070747649?ref_src=twsrc%5Etfw\">20 de octubre de 2019<\/a><\/blockquote><\/div>\n<\/div><\/figure>\n\n\n\n<p>En tanto, el director General del\nInstituto Nacional de los Pueblos Ind\u00edgenas (INPI), Adelfo Regino Montes,\nrefrend\u00f3 que la palabra y el di\u00e1logo son valores muy preciados para los pueblos\nind\u00edgenas y destac\u00f3: <\/p>\n\n\n\n<p>\u201cNuestros antepasados nos han ense\u00f1ado\nque son el \u00fanico medio para resolver los conflictos; a\u00fan en las circunstancias\nm\u00e1s adversas, los pueblos han escogido el camino de la paz\u201d.<\/p>\n\n\n\n<p>Con esta ense\u00f1anza y herencia, dijo,\nhoy debemos de reafirmar nuestro compromiso por la paz, la unidad y la\nreconciliaci\u00f3n, que permitan alejar de nuestro horizonte cualquier vestigio de\nviolencia y confrontaci\u00f3n. <\/p>\n\n\n\n<p>\u201cPor ello hago un llamado a los pueblos ind\u00edgenas, en especial al Pueblo Triqui para que emprenda un aut\u00e9ntico proceso de paz y reconciliaci\u00f3n, en la palabra y en los hechos\u201d, recalc\u00f3.<\/p>\n\n\n\n<figure class=\"wp-block-image\"><img decoding=\"async\" width=\"640\" height=\"543\" src=\"http:\/\/www.zonaroja.com.mx\/wp-content\/uploads\/2019\/10\/Adelfo-Regino-Montes-3.png\" alt=\"\" class=\"wp-image-4997\" srcset=\"https:\/\/zonaroja.com.mx\/wp-content\/uploads\/2019\/10\/Adelfo-Regino-Montes-3.png 640w, https:\/\/zonaroja.com.mx\/wp-content\/uploads\/2019\/10\/Adelfo-Regino-Montes-3-300x255.png 300w, https:\/\/zonaroja.com.mx\/wp-content\/uploads\/2019\/10\/Adelfo-Regino-Montes-3-585x496.png 585w\" sizes=\"(max-width: 640px) 100vw, 640px\" \/><\/figure>\n\n\n\n<p>Ante la multitud que se dio cita en\neste primer di\u00e1logo presidencial, Adelfo Regino inform\u00f3 que esta gira nacional\nes una muestra de la vocaci\u00f3n de servicio de Andr\u00e9s Manuel L\u00f3pez Obrador, quien\nha afirmado que durante su gobierno habr\u00e1 una preferencia especial para los m\u00e1s\nhumildes y los olvidados, con \u00e9nfasis en los pueblos ind\u00edgenas y afromexicano\ndel pa\u00eds.<\/p>\n\n\n\n<p>EN LA MIXTECA<\/p>\n\n\n\n<p>En el municipio de Asunci\u00f3n Nochixtl\u00e1n\nse dieron cita los pueblos Mixteco y Chocholteco. Durante la ceremonia la\nprofesora Zenaida Reyes Valdivia, en representaci\u00f3n de los pueblos ind\u00edgenas\nreunidos, expres\u00f3 su apoyo a las pol\u00edticas que ha emprendido el gobierno de\nM\u00e9xico y manifest\u00f3 que la identidad que mantienen los pueblos ind\u00edgenas en la\nvida cotidiana se necesita fortalecer y desarrollar, \u201cpero esto s\u00f3lo ser\u00e1\nposible en la medida en que podamos ejercer nuestros derechos\u201d.<\/p>\n\n\n\n<p>Por su parte el director general del\nINPI, Adelfo Regino Montes, lament\u00f3 que la masacre de Nochixtl\u00e1n siga teniendo\nconsecuencias lamentables en la vida de los pueblos y comunidades de la regi\u00f3n,\nque quieren el camino de la paz, la unidad y la reconciliaci\u00f3n.<\/p>\n\n\n\n<p>POR LA CA\u00d1ADA<\/p>\n\n\n\n<figure class=\"wp-block-image\"><img decoding=\"async\" width=\"640\" height=\"426\" src=\"http:\/\/www.zonaroja.com.mx\/wp-content\/uploads\/2019\/10\/Adelfo-Regino-Montes-4.png\" alt=\"\" class=\"wp-image-4998\" srcset=\"https:\/\/zonaroja.com.mx\/wp-content\/uploads\/2019\/10\/Adelfo-Regino-Montes-4.png 640w, https:\/\/zonaroja.com.mx\/wp-content\/uploads\/2019\/10\/Adelfo-Regino-Montes-4-300x200.png 300w, https:\/\/zonaroja.com.mx\/wp-content\/uploads\/2019\/10\/Adelfo-Regino-Montes-4-585x389.png 585w, https:\/\/zonaroja.com.mx\/wp-content\/uploads\/2019\/10\/Adelfo-Regino-Montes-4-263x175.png 263w\" sizes=\"(max-width: 640px) 100vw, 640px\" \/><\/figure>\n\n\n\n<p>Autoridades y representantes de los pueblos Cuicateco, Chinanteco, Mixteco, Mazateco, Ixcateco, N\u00e1huatl y Afromexicano se dieron cita en el Centro Coordinador de Pueblos Ind\u00edgenas de San Juan Bautista Cuicatl\u00e1n, en Oaxaca.<\/p>\n\n\n\n<p>En representaci\u00f3n de los pueblos y\ncomunidades reunidas, Urbano Cort\u00e9s Olivera, presidente municipal de\nTeotil\u00e1lpam, present\u00f3 un documento con el sentir de los pueblos ind\u00edgenas y\nafromexicano de la Regi\u00f3n de la Ca\u00f1ada.<\/p>\n\n\n\n<p>\u201cHemos visualizado nuestras aspiraciones\nde desarrollo y acordamos que debemos ser reconocidos como sujetos de derecho\np\u00fablico, con libre determinaci\u00f3n y autonom\u00eda. Se\u00f1or Presidente, le pedimos que\nhaga suyos y acompa\u00f1e nuestros sue\u00f1os, para que nuestros derechos sean\nreconocidos en la Constituci\u00f3n\u201d.<\/p>\n\n\n\n<p>Regino Montes reconoci\u00f3 el esfuerzo del\npresidente por recorrer los pueblos y comunidades y dar atenci\u00f3n directa.<\/p>\n\n\n\n<p>\u201cEstoy seguro de que con el liderazgo\nde nuestro Presidente habremos de dar una respuesta efectiva a los\nplanteamientos y reivindicaciones de nuestros pueblos, de modo que podamos\ndejar atr\u00e1s este lamentable episodio de pobreza, marginaci\u00f3n y exclusi\u00f3n que\ndurante tanto tiempo han vivido nuestros pueblos y nuestras comunidades y abrir\nuna nueva etapa de esperanza, de crecimiento y desarrollo para todas y para\ntodos\u201d.<\/p>\n","protected":false},"excerpt":{"rendered":"<p>Redacci\u00f3n\/Zona Roja Cdmx. Ciudad de M\u00e9xico, 21 de octubre de 2019.- Los pueblos ind\u00edgenas y&hellip;<\/p>\n","protected":false},"author":2,"featured_media":4999,"comment_status":"closed","ping_status":"open","sticky":false,"template":"","format":"standard","meta":{"_lmt_disableupdate":"","_lmt_disable":"","_jetpack_memberships_contains_paid_content":false,"footnotes":""},"categories":[109,46],"tags":[557,558],"class_list":["post-4995","post","type-post","status-publish","format-standard","has-post-thumbnail","hentry","category-minuto-a-minuto","category-zona-blanca","tag-adelfo-regino-montes","tag-instituto-nacional-de-pueblos-indigenas"],"jetpack_featured_media_url":"https:\/\/zonaroja.com.mx\/wp-content\/uploads\/2019\/10\/Adelfo-Regino-Montes-2.png","jetpack_sharing_enabled":true,"_links":{"self":[{"href":"https:\/\/zonaroja.com.mx\/index.php?rest_route=\/wp\/v2\/posts\/4995","targetHints":{"allow":["GET"]}}],"collection":[{"href":"https:\/\/zonaroja.com.mx\/index.php?rest_route=\/wp\/v2\/posts"}],"about":[{"href":"https:\/\/zonaroja.com.mx\/index.php?rest_route=\/wp\/v2\/types\/post"}],"author":[{"embeddable":true,"href":"https:\/\/zonaroja.com.mx\/index.php?rest_route=\/wp\/v2\/users\/2"}],"replies":[{"embeddable":true,"href":"https:\/\/zonaroja.com.mx\/index.php?rest_route=%2Fwp%2Fv2%2Fcomments&post=4995"}],"version-history":[{"count":1,"href":"https:\/\/zonaroja.com.mx\/index.php?rest_route=\/wp\/v2\/posts\/4995\/revisions"}],"predecessor-version":[{"id":5000,"href":"https:\/\/zonaroja.com.mx\/index.php?rest_route=\/wp\/v2\/posts\/4995\/revisions\/5000"}],"wp:featuredmedia":[{"embeddable":true,"href":"https:\/\/zonaroja.com.mx\/index.php?rest_route=\/wp\/v2\/media\/4999"}],"wp:attachment":[{"href":"https:\/\/zonaroja.com.mx\/index.php?rest_route=%2Fwp%2Fv2%2Fmedia&parent=4995"}],"wp:term":[{"taxonomy":"category","embeddable":true,"href":"https:\/\/zonaroja.com.mx\/index.php?rest_route=%2Fwp%2Fv2%2Fcategories&post=4995"},{"taxonomy":"post_tag","embeddable":true,"href":"https:\/\/zonaroja.com.mx\/index.php?rest_route=%2Fwp%2Fv2%2Ftags&post=4995"}],"curies":[{"name":"wp","href":"https:\/\/api.w.org\/{rel}","templated":true}]}}