{"id":49952,"date":"2023-01-02T10:26:00","date_gmt":"2023-01-02T16:26:00","guid":{"rendered":"http:\/\/www.zonaroja.com.mx\/?p=49952"},"modified":"2023-01-02T07:27:50","modified_gmt":"2023-01-02T13:27:50","slug":"2022-ano-letal-para-el-periodismo-en-mexico-13-asesinados","status":"publish","type":"post","link":"https:\/\/zonaroja.com.mx\/?p=49952","title":{"rendered":"2022: a\u00f1o letal para el periodismo en M\u00e9xico: 13 asesinados"},"content":{"rendered":"\n<p>Redacci\u00f3n\/Zona Roja Cdmx.<\/p>\n\n\n\n<p>Ciudad de M\u00e9xico, a 2 de enero de 2023.- El futuro del 2022 en lo que concierne al ejercicio period\u00edstico en M\u00e9xico parec\u00eda encaminarse a un s\u00f3lo rumbo: convertirse en el m\u00e1s violento de la actual administraci\u00f3n de Andr\u00e9s Manuel L\u00f3pez Obrador (AMLO).&nbsp;<\/p>\n\n\n\n<p>Y tal cual se pronostic\u00f3, el a\u00f1o cerr\u00f3 como el que mayor cantidad de periodistas asesinados registr\u00f3 en un gobierno caracterizado por las constantes descalificaciones a la prensa cr\u00edtica\/opositora.<\/p>\n\n\n\n<p>Las organizaciones Art\u00edculo 19 y Reporteros Sin Fronteras (RSF) registraron 12 y 11, respectivamente, homicidios de comunicadores en el 2022; mientras que el Gobierno Federal ha considerado 13 asesinatos como agresi\u00f3n a la libertad de expresi\u00f3n &#8211; con dos casos que se descartaron como tal, a\u00fan con las exigencias del gremio por investigarlo como violencia a la prensa.<\/p>\n\n\n\n<p>Sin embargo, a\u00fan cuando las fuentes var\u00edan de uno a dos asesinatos, la realidad es que cualquiera de las tres superan al n\u00famero reportado en 2019, el cual ahora se posiciona como el segundo m\u00e1s violento del sexenio con 10 homicidios, seg\u00fan Art\u00edculo 19.<\/p>\n\n\n\n<p>Jos\u00e9 Luis Gamboa, Margarito Mart\u00ednez, Lourdes Maldonado, Roberto Toledo, Heber L\u00f3pez V\u00e1zquez, Jorge Luis Camero, Juan Carlos Mu\u00f1iz, Armando Linares L\u00f3pez, Luis Enrique Ram\u00edrez, Sheila Johana Garc\u00eda, Yessenia Mollinedo Falconi, Antonio de la Cruz, Ernesto M\u00e9ndez, Juan Arj\u00f3n L\u00f3pez y Fredid Rom\u00e1n Rom\u00e1n: 15 periodistas por quienes se grita justicia y exige verdad; 15 historias que, en su mayor\u00eda, volvieron a evidenciar un gobierno incapaz de garantizar su protecci\u00f3n, libre ejercicio o, en el peor de los casos, justicia por su muerte.<\/p>\n\n\n\n<p>En mayo del 2022, el Subsecretario de Seguridad Ricardo Mej\u00eda Berdeja declar\u00f3 que, a ojos del Federativo, los asesinatos de Jorge Luis Camero y Roberto Toledo (de Monitor Michoac\u00e1n) no representaron una agresi\u00f3n a la prensa, pues las v\u00edctimas ya no ejerc\u00edan el oficio para el momento de su asesinato.<\/p>\n\n\n\n<p>La l\u00ednea del caso de Camero fue redireccionado a un posible v\u00ednculo con el crimen organizado en raz\u00f3n de sus funciones p\u00fablicas. En tanto, el asesinato de Toledo se descart\u00f3 &#8211; casi inmediatamente &#8211; como un atentado a la libertad de expresi\u00f3n por supuestamente ejercer en un despacho de abogados, seg\u00fan el vocero presidencial Jes\u00fas Ram\u00edrez Cuevas.<\/p>\n\n\n\n<p>Dicha declaraci\u00f3n contradijo al testimonio con el que Armando Linares, director de Monitor Michoac\u00e1n, abog\u00f3 por Toledo quien denunciaba favoritismo dentro de la polic\u00eda local en los escritos que publicaba como colaborador ocasional, los cuales no sol\u00eda firmar \u201cpara evitar problemas\u201d. Esto, debido a que el propio medio ya hab\u00eda sido amenazado por \u201cexhibir corrupciones de pol\u00edticos y funcionarios\u201d.<\/p>\n\n\n\n<p>Pese a su declaraci\u00f3n, el Federal no consider\u00f3 o investig\u00f3 el caso de Toledo como un atentado a la prensa. Y para el 15 de marzo, casi dos meses despu\u00e9s, las amenazas en contra del medio y del propio Armando Linares derivaron en su asesinato por varios impactos de arma de fuego.<\/p>\n\n\n\n<p>El reportaje completo es de Infobae, que puede consultar aqu\u00ed:<\/p>\n\n\n\n<figure class=\"wp-block-embed\"><div class=\"wp-block-embed__wrapper\">\nhttps:\/\/www.infobae.com\/america\/mexico\/2022\/12\/31\/impunidad-violencia-y-censura-el-rastro-del-ano-mas-letal-para-el-periodismo-del-gobierno-de-amlo\/\n<\/div><\/figure>\n","protected":false},"excerpt":{"rendered":"<p>Redacci\u00f3n\/Zona Roja Cdmx. Ciudad de M\u00e9xico, a 2 de enero de 2023.- El futuro del&hellip;<\/p>\n","protected":false},"author":2,"featured_media":37750,"comment_status":"closed","ping_status":"open","sticky":false,"template":"","format":"standard","meta":{"_lmt_disableupdate":"","_lmt_disable":"","_jetpack_memberships_contains_paid_content":false,"footnotes":""},"categories":[109,47],"tags":[3063],"class_list":["post-49952","post","type-post","status-publish","format-standard","has-post-thumbnail","hentry","category-minuto-a-minuto","category-zona-gris","tag-periodismo-en-riesgo-oaxaca"],"jetpack_featured_media_url":"https:\/\/zonaroja.com.mx\/wp-content\/uploads\/2022\/02\/Justicia-para-Heber-Salina-Cruz-periodista.jpg","jetpack_sharing_enabled":true,"_links":{"self":[{"href":"https:\/\/zonaroja.com.mx\/index.php?rest_route=\/wp\/v2\/posts\/49952","targetHints":{"allow":["GET"]}}],"collection":[{"href":"https:\/\/zonaroja.com.mx\/index.php?rest_route=\/wp\/v2\/posts"}],"about":[{"href":"https:\/\/zonaroja.com.mx\/index.php?rest_route=\/wp\/v2\/types\/post"}],"author":[{"embeddable":true,"href":"https:\/\/zonaroja.com.mx\/index.php?rest_route=\/wp\/v2\/users\/2"}],"replies":[{"embeddable":true,"href":"https:\/\/zonaroja.com.mx\/index.php?rest_route=%2Fwp%2Fv2%2Fcomments&post=49952"}],"version-history":[{"count":1,"href":"https:\/\/zonaroja.com.mx\/index.php?rest_route=\/wp\/v2\/posts\/49952\/revisions"}],"predecessor-version":[{"id":49953,"href":"https:\/\/zonaroja.com.mx\/index.php?rest_route=\/wp\/v2\/posts\/49952\/revisions\/49953"}],"wp:featuredmedia":[{"embeddable":true,"href":"https:\/\/zonaroja.com.mx\/index.php?rest_route=\/wp\/v2\/media\/37750"}],"wp:attachment":[{"href":"https:\/\/zonaroja.com.mx\/index.php?rest_route=%2Fwp%2Fv2%2Fmedia&parent=49952"}],"wp:term":[{"taxonomy":"category","embeddable":true,"href":"https:\/\/zonaroja.com.mx\/index.php?rest_route=%2Fwp%2Fv2%2Fcategories&post=49952"},{"taxonomy":"post_tag","embeddable":true,"href":"https:\/\/zonaroja.com.mx\/index.php?rest_route=%2Fwp%2Fv2%2Ftags&post=49952"}],"curies":[{"name":"wp","href":"https:\/\/api.w.org\/{rel}","templated":true}]}}