{"id":49954,"date":"2023-01-02T08:55:00","date_gmt":"2023-01-02T14:55:00","guid":{"rendered":"http:\/\/www.zonaroja.com.mx\/?p=49954"},"modified":"2023-01-02T08:14:37","modified_gmt":"2023-01-02T14:14:37","slug":"inicia-la-fiscalia-carpeta-de-investigacion-por-muerte-de-nino-por-bala-perdida","status":"publish","type":"post","link":"https:\/\/zonaroja.com.mx\/?p=49954","title":{"rendered":"Inicia la Fiscal\u00eda Carpeta de Investigaci\u00f3n por muerte de ni\u00f1o por bala perdida"},"content":{"rendered":"\n<p>Redacci\u00f3n\/Zona Roja.<\/p>\n\n\n\n<p>Oaxaca de Ju\u00e1rez, Oax., a 2 de enero de 2022.- Tras la muerte de un adolescente a causa de una bala perdida, en San Jos\u00e9 del Progreso, Villa de Tututepec, la Fiscal\u00eda General del Estado de Oaxaca inform\u00f3 que, \u201ca partir de los primeros resultados periciales, se establecieron s\u00f3lidas l\u00edneas de investigaci\u00f3n en torno al caso\u201d.<\/p>\n\n\n\n<p>En un comunicado, inform\u00f3 que por este caso ocurrido en los primeros minutos de ayer 1 de enero, a trav\u00e9s de la Vicefiscal\u00eda Regional de la Costa inici\u00f3 la carpeta de investigaci\u00f3n 06\/FCOS\/RIO\/2023.<\/p>\n\n\n\n<p>Adem\u00e1s que se despleg\u00f3 a un equipo multidisciplinario de especialistas en diferentes materias para la recolecci\u00f3n de indicios y evidencias, as\u00ed como la realizaci\u00f3n de estudios cient\u00edficos que permiten definir con mayor certeza las l\u00edneas de investigaci\u00f3n para esclarecer el caso.<\/p>\n\n\n\n<p>Los hechos ocurrieron en dicha localidad, cuando la v\u00edctima (menor de edad) estaba en compa\u00f1\u00eda de otras personas frente a su domicilio cuando se escucharon detonaciones de arma de fuego, aparentemente fueron balazos al aire, y uno de los proyectiles lo impact\u00f3, infligiendo lesiones que le provocaron la muerte.<\/p>\n\n\n\n<p>Detall\u00f3 que la Fiscal\u00eda de Oaxaca realiza investigaciones oportunas, objetivas y diligentes para dar con el paradero de los responsables en la comisi\u00f3n de delitos en contra de la sociedad para garantizar la procuraci\u00f3n de justicia a favor de las v\u00edctimas.<\/p>\n","protected":false},"excerpt":{"rendered":"<p>Redacci\u00f3n\/Zona Roja. Oaxaca de Ju\u00e1rez, Oax., a 2 de enero de 2022.- Tras la muerte&hellip;<\/p>\n","protected":false},"author":2,"featured_media":49955,"comment_status":"closed","ping_status":"open","sticky":false,"template":"","format":"standard","meta":{"_lmt_disableupdate":"","_lmt_disable":"","_jetpack_memberships_contains_paid_content":false,"footnotes":""},"categories":[109,47],"tags":[494,578],"class_list":["post-49954","post","type-post","status-publish","format-standard","has-post-thumbnail","hentry","category-minuto-a-minuto","category-zona-gris","tag-fiscalia-general-del-estado-de-oaxaca","tag-san-jose-del-progreso"],"jetpack_featured_media_url":"https:\/\/zonaroja.com.mx\/wp-content\/uploads\/2023\/01\/San-Jose-del-Progreso-1.jpeg","jetpack_sharing_enabled":true,"_links":{"self":[{"href":"https:\/\/zonaroja.com.mx\/index.php?rest_route=\/wp\/v2\/posts\/49954","targetHints":{"allow":["GET"]}}],"collection":[{"href":"https:\/\/zonaroja.com.mx\/index.php?rest_route=\/wp\/v2\/posts"}],"about":[{"href":"https:\/\/zonaroja.com.mx\/index.php?rest_route=\/wp\/v2\/types\/post"}],"author":[{"embeddable":true,"href":"https:\/\/zonaroja.com.mx\/index.php?rest_route=\/wp\/v2\/users\/2"}],"replies":[{"embeddable":true,"href":"https:\/\/zonaroja.com.mx\/index.php?rest_route=%2Fwp%2Fv2%2Fcomments&post=49954"}],"version-history":[{"count":1,"href":"https:\/\/zonaroja.com.mx\/index.php?rest_route=\/wp\/v2\/posts\/49954\/revisions"}],"predecessor-version":[{"id":49957,"href":"https:\/\/zonaroja.com.mx\/index.php?rest_route=\/wp\/v2\/posts\/49954\/revisions\/49957"}],"wp:featuredmedia":[{"embeddable":true,"href":"https:\/\/zonaroja.com.mx\/index.php?rest_route=\/wp\/v2\/media\/49955"}],"wp:attachment":[{"href":"https:\/\/zonaroja.com.mx\/index.php?rest_route=%2Fwp%2Fv2%2Fmedia&parent=49954"}],"wp:term":[{"taxonomy":"category","embeddable":true,"href":"https:\/\/zonaroja.com.mx\/index.php?rest_route=%2Fwp%2Fv2%2Fcategories&post=49954"},{"taxonomy":"post_tag","embeddable":true,"href":"https:\/\/zonaroja.com.mx\/index.php?rest_route=%2Fwp%2Fv2%2Ftags&post=49954"}],"curies":[{"name":"wp","href":"https:\/\/api.w.org\/{rel}","templated":true}]}}