{"id":49958,"date":"2023-01-02T08:19:21","date_gmt":"2023-01-02T14:19:21","guid":{"rendered":"http:\/\/www.zonaroja.com.mx\/?p=49958"},"modified":"2023-01-02T08:19:25","modified_gmt":"2023-01-02T14:19:25","slug":"lula-da-silva-es-presidente-de-brasil-por-tercera-ocasion","status":"publish","type":"post","link":"https:\/\/zonaroja.com.mx\/?p=49958","title":{"rendered":"Lula Da Silva es Presidente de Brasil por tercera ocasi\u00f3n"},"content":{"rendered":"\n<p>Redacci\u00f3n\/Zona Roja Cdmx.<\/p>\n\n\n\n<p>Ciudad de M\u00e9xico, a 2 de enero de 2023.- En ausencia de su predecesor Jair Bolsonaro en el traspaso de mando, el brasile\u00f1o&nbsp;Luiz In\u00e1cio Lula da Silva, recibi\u00f3 este domingo la banda presidencial de manos de un grupo de ciudadanos, entre ellos el cacique ind\u00edgena Raoni Metuktire.&nbsp;<\/p>\n\n\n\n<p>En un quiebre del protocolo,&nbsp;Lula&nbsp;subi\u00f3 la rampa del palacio presidencial de Planalto escoltado por un ni\u00f1o negro, un obrero metal\u00fargico, una cocinera, un artesano, un profesor y un joven con discapacidad, entre otros representantes del pueblo brasile\u00f1o.<\/p>\n\n\n\n<p>El cacique Raoni Metuktire, emblem\u00e1tico defensor de la Amazon\u00eda, estaba entre ellos, usando su caracter\u00edstico disco labial y tocado de plumas amarillas.&nbsp;<\/p>\n\n\n\n<p>En uno de los momentos m\u00e1s esperados de la toma de posesi\u00f3n, en lo alto de la rampa, la recolectora de residuos negra Aline Sousa, de 33 a\u00f1os, le coloc\u00f3 a&nbsp;Lula&nbsp;la banda una cinta de seda verde y amarilla bordada en oro y diamantes.&nbsp;<\/p>\n\n\n\n<p>Entre l\u00e1grimas,&nbsp;Lula&nbsp;abraz\u00f3 a cada uno del grupo y salud\u00f3 a las decenas de miles de personas que acompa\u00f1aban la ceremonia desde la Plaza de los Tres Poderes, igualmente embargados por la emoci\u00f3n.&nbsp;<\/p>\n\n\n\n<p>\u00abAsumimos el compromiso de combatir todas las formas de desigualdad (&#8230;) Es inaceptable que sigamos conviviendo con prejuicios, discriminaci\u00f3n y racismo. Somos un pueblo de muchos colores y todos tienen que tener los mismos derechos y oportunidades\u00bb, dijo&nbsp;Lula&nbsp;dirigi\u00e9ndose al p\u00fablico.&nbsp;<\/p>\n\n\n\n<p>Lula&nbsp;fue proclamado presidente de Brasil por tercera vez, tras pronunciar un \u00abcompromiso constitucional\u00bb ante el Congreso y gobernar\u00e1 hasta enero de 2027. &nbsp;Es la primera vez desde 1985 que un mandatario saliente no pasa la banda presidencial a su sucesor.&nbsp;<\/p>\n\n\n\n<p>El ultraderechista Bolsonaro, quien tras la derrota permaneci\u00f3 la mayor parte del tiempo en silencio, viaj\u00f3 el viernes a Estados Unidos, dos d\u00edas antes de finalizar su periodo de gobierno.&nbsp;<\/p>\n\n\n\n<p>Junto con los representantes del \u00abpueblo\u00bb brasile\u00f1o, otro personaje llam\u00f3 la atenci\u00f3n al subir la rampa con el presidente: Resistencia, una perra callejera que la primera dama \u00abJanja\u00bb adopt\u00f3 mientras&nbsp;Lula&nbsp;estaba en la c\u00e1rcel entre 2018 y 2019.&nbsp;<\/p>\n\n\n\n<p>Negra y con el hocico peludo, Resistencia fue acogida primero por integrantes del campamento \u00abLula&nbsp;livre\u00bb, de militantes de izquierda que ped\u00edan la liberaci\u00f3n de&nbsp;Lula&nbsp;en Curitiba (sur), preso por corrupci\u00f3n. Despu\u00e9s de verla sufrir problemas respiratorios, la entonces novia de&nbsp;Lula&nbsp;decidi\u00f3 llev\u00e1rsela a casa.&nbsp;<\/p>\n\n\n\n<p>La mascota aparece a menudo en las fotos de&nbsp;Lula&nbsp;y \u00abJanja\u00bb en las redes sociales, as\u00ed como Paris, otra perra sin raza adoptada por el matrimonio.&nbsp;La investidura fue organizada por la primera dama.&nbsp;<\/p>\n\n\n\n<p>Entre otros detalles que cambiaron bajo su comando, pidi\u00f3 suspender el estruendoso espect\u00e1culo de 21 ca\u00f1onazos que sol\u00eda disparar el Senado durante la ceremonia, para evitar molestar a las personas con discapacidad y a los animales.<\/p>\n\n\n\n<p>(En \u201cEl Heraldo de M\u00e9xico, con informaci\u00f3n de AFP)<\/p>\n","protected":false},"excerpt":{"rendered":"<p>Redacci\u00f3n\/Zona Roja Cdmx. Ciudad de M\u00e9xico, a 2 de enero de 2023.- En ausencia de&hellip;<\/p>\n","protected":false},"author":2,"featured_media":49959,"comment_status":"closed","ping_status":"open","sticky":false,"template":"","format":"standard","meta":{"_lmt_disableupdate":"","_lmt_disable":"","_jetpack_memberships_contains_paid_content":false,"footnotes":""},"categories":[109,46],"tags":[3300],"class_list":["post-49958","post","type-post","status-publish","format-standard","has-post-thumbnail","hentry","category-minuto-a-minuto","category-zona-blanca","tag-luiz-inacio-lula-da-silva"],"jetpack_featured_media_url":"https:\/\/zonaroja.com.mx\/wp-content\/uploads\/2023\/01\/Lula-Da-Silva-Brasil.jpeg","jetpack_sharing_enabled":true,"_links":{"self":[{"href":"https:\/\/zonaroja.com.mx\/index.php?rest_route=\/wp\/v2\/posts\/49958","targetHints":{"allow":["GET"]}}],"collection":[{"href":"https:\/\/zonaroja.com.mx\/index.php?rest_route=\/wp\/v2\/posts"}],"about":[{"href":"https:\/\/zonaroja.com.mx\/index.php?rest_route=\/wp\/v2\/types\/post"}],"author":[{"embeddable":true,"href":"https:\/\/zonaroja.com.mx\/index.php?rest_route=\/wp\/v2\/users\/2"}],"replies":[{"embeddable":true,"href":"https:\/\/zonaroja.com.mx\/index.php?rest_route=%2Fwp%2Fv2%2Fcomments&post=49958"}],"version-history":[{"count":1,"href":"https:\/\/zonaroja.com.mx\/index.php?rest_route=\/wp\/v2\/posts\/49958\/revisions"}],"predecessor-version":[{"id":49960,"href":"https:\/\/zonaroja.com.mx\/index.php?rest_route=\/wp\/v2\/posts\/49958\/revisions\/49960"}],"wp:featuredmedia":[{"embeddable":true,"href":"https:\/\/zonaroja.com.mx\/index.php?rest_route=\/wp\/v2\/media\/49959"}],"wp:attachment":[{"href":"https:\/\/zonaroja.com.mx\/index.php?rest_route=%2Fwp%2Fv2%2Fmedia&parent=49958"}],"wp:term":[{"taxonomy":"category","embeddable":true,"href":"https:\/\/zonaroja.com.mx\/index.php?rest_route=%2Fwp%2Fv2%2Fcategories&post=49958"},{"taxonomy":"post_tag","embeddable":true,"href":"https:\/\/zonaroja.com.mx\/index.php?rest_route=%2Fwp%2Fv2%2Ftags&post=49958"}],"curies":[{"name":"wp","href":"https:\/\/api.w.org\/{rel}","templated":true}]}}