{"id":49961,"date":"2023-01-02T11:19:00","date_gmt":"2023-01-02T17:19:00","guid":{"rendered":"http:\/\/www.zonaroja.com.mx\/?p=49961"},"modified":"2023-01-02T15:04:05","modified_gmt":"2023-01-02T21:04:05","slug":"pend-16","status":"publish","type":"post","link":"https:\/\/zonaroja.com.mx\/?p=49961","title":{"rendered":"Segundo d\u00eda del a\u00f1o y segundo ejecutado, en la \u201cprimavera roja\u201d"},"content":{"rendered":"\n<p>Redacci\u00f3n\/Zona Roja.<\/p>\n\n\n\n<p>Oaxaca de Ju\u00e1rez, Oax., a 2 de enero de 2023.- En el segundo d\u00eda del a\u00f1o, no cesan las ejecuciones en Oaxaca.<\/p>\n\n\n\n<p>La madrugada de hoy, un motociclista fue atacado a balazos, cuando transitaba con su unidad de motor en el tramo carretero de Santo Domingo Tehuantepec a Juchit\u00e1n de Zaragoza, en la regi\u00f3n del Istmo.<\/p>\n\n\n\n<p>De manera preliminar se hab\u00eda informado que hab\u00eda derrapado supuestamente por exceso de velocidad; sin embargo, al arribar elementos policiacos y del Cuerpo de Bomberos, corroboraron que el cuerpo ten\u00eda impactos de arma de fuego.<\/p>\n\n\n\n<p>La v\u00edctima fue identificada como Said Obelin L. C., y a\u00fan se desconocen las causas del ataque armado; a un costado qued\u00f3 su motocicleta y no hay pista del o los agresores.<\/p>\n\n\n\n<p>El cad\u00e1ver fue hallado en la madrugada de este lunes en la carretera Panamericana, a la altura del kil\u00f3metro 269.<\/p>\n","protected":false},"excerpt":{"rendered":"<p>Redacci\u00f3n\/Zona Roja. Oaxaca de Ju\u00e1rez, Oax., a 2 de enero de 2023.- En el segundo&hellip;<\/p>\n","protected":false},"author":2,"featured_media":49966,"comment_status":"closed","ping_status":"open","sticky":false,"template":"","format":"standard","meta":{"_lmt_disableupdate":"","_lmt_disable":"","_jetpack_memberships_contains_paid_content":false,"footnotes":""},"categories":[109,51],"tags":[123],"class_list":["post-49961","post","type-post","status-publish","format-standard","has-post-thumbnail","hentry","category-minuto-a-minuto","category-zona-roja","tag-juchitan-de-zaragoza"],"jetpack_featured_media_url":"https:\/\/zonaroja.com.mx\/wp-content\/uploads\/2023\/01\/Moto-asesinado-tramo-Juchitan-Tehuantepec.jpg","jetpack_sharing_enabled":true,"_links":{"self":[{"href":"https:\/\/zonaroja.com.mx\/index.php?rest_route=\/wp\/v2\/posts\/49961","targetHints":{"allow":["GET"]}}],"collection":[{"href":"https:\/\/zonaroja.com.mx\/index.php?rest_route=\/wp\/v2\/posts"}],"about":[{"href":"https:\/\/zonaroja.com.mx\/index.php?rest_route=\/wp\/v2\/types\/post"}],"author":[{"embeddable":true,"href":"https:\/\/zonaroja.com.mx\/index.php?rest_route=\/wp\/v2\/users\/2"}],"replies":[{"embeddable":true,"href":"https:\/\/zonaroja.com.mx\/index.php?rest_route=%2Fwp%2Fv2%2Fcomments&post=49961"}],"version-history":[{"count":2,"href":"https:\/\/zonaroja.com.mx\/index.php?rest_route=\/wp\/v2\/posts\/49961\/revisions"}],"predecessor-version":[{"id":49967,"href":"https:\/\/zonaroja.com.mx\/index.php?rest_route=\/wp\/v2\/posts\/49961\/revisions\/49967"}],"wp:featuredmedia":[{"embeddable":true,"href":"https:\/\/zonaroja.com.mx\/index.php?rest_route=\/wp\/v2\/media\/49966"}],"wp:attachment":[{"href":"https:\/\/zonaroja.com.mx\/index.php?rest_route=%2Fwp%2Fv2%2Fmedia&parent=49961"}],"wp:term":[{"taxonomy":"category","embeddable":true,"href":"https:\/\/zonaroja.com.mx\/index.php?rest_route=%2Fwp%2Fv2%2Fcategories&post=49961"},{"taxonomy":"post_tag","embeddable":true,"href":"https:\/\/zonaroja.com.mx\/index.php?rest_route=%2Fwp%2Fv2%2Ftags&post=49961"}],"curies":[{"name":"wp","href":"https:\/\/api.w.org\/{rel}","templated":true}]}}